{"id":78246,"date":"2025-03-09T09:16:31","date_gmt":"2025-03-09T15:16:31","guid":{"rendered":"https:\/\/zonaroja.com.mx\/?p=78246"},"modified":"2025-03-09T09:16:31","modified_gmt":"2025-03-09T15:16:31","slug":"marchan-unas-200-mil-mujeres-en-la-cdmx-cifra-historica","status":"publish","type":"post","link":"https:\/\/zonaroja.com.mx\/?p=78246","title":{"rendered":"Marchan unas 200 mil mujeres en la Cdmx; cifra hist\u00f3rica&nbsp;"},"content":{"rendered":"\n<p> Redacci\u00f3n\/Zona Roja Cdmx.<\/p>\n\n\n\n<p>Ciudad de M\u00e9xico, a 9 de marzo de 2025.- Las mujeres \u201cno abandonaremos las calles mientras sigamos sufriendo historias de violencias machistas, como hasta ahora ha sucedido, generaci\u00f3n tras generaci\u00f3n. Tampoco aceptaremos seguir siendo revictimizadas al exigir justicia ante el Poder Judicial que nos falla una y otra vez\u201d.<\/p>\n\n\n\n<p>Ayer, m\u00e1s de 200 mil mujeres se volcaron a las calles con esta consigna en la primera marcha del D\u00eda Internacional de la Mujer (8M) del sexenio encabezado por una de ellas, la presidenta Claudia Sheinbaum Pardo.<\/p>\n\n\n\n<p>La cifra difundida por el gobierno de la Ciudad de M\u00e9xico confirm\u00f3 que esta fue la marcha del 8M m\u00e1s numerosa de a\u00f1os recientes. Super\u00f3 a la de 2024, cuando seg\u00fan cifras oficiales participaron 180 mil manifestantes.<\/p>\n\n\n\n<p>En una jornada de protestas, marchas y convivencia que se extendi\u00f3 por m\u00e1s de 15 horas, miles de j\u00f3venes, ni\u00f1as, adultas y personas mayores se unieron en defensa de sus derechos y con la demanda de que cesen las violencias de g\u00e9nero, las desigualdades y la impunidad.<\/p>\n\n\n\n<p>Desde el amanecer, madres buscadoras, que en conmemoraci\u00f3n de este d\u00eda fundaron el frente Luci\u00e9rnagas (integrado por familias que llevan a\u00f1os luchando por justicia para sus hijas desaparecidas y asesinadas), denunciaron frente a Palacio Nacional que para los juzgadores \u201cnuestras hijas son s\u00f3lo carpetas de investigaci\u00f3n, pero para nosotras son seres amados que con sus ausencias se llevan a toda la familia\u201d.<\/p>\n\n\n\n<p>Horas m\u00e1s tarde, en un documento le\u00eddo en el mismo lugar, una vez que la mayor\u00eda de los contingentes llegaron al Z\u00f3calo capitalino, la Coordinaci\u00f3n 8M, organizadora de la marcha, critic\u00f3 el hecho de que la impunidad sea mayor a 99 por ciento, ya que s\u00f3lo hay resoluci\u00f3n en 0.6 por ciento de los delitos. Por esa raz\u00f3n, en los casos de feminicidio y desaparici\u00f3n, el trabajo de investigaci\u00f3n lo asumen las familias.<\/p>\n\n\n\n<p>Alrededor del mediod\u00eda, en la glorieta de las mujeres que luchan de Paseo de la Reforma, la cual ha sido el centro de las protestas feministas, colectivos realizaron diversas actividades, y en una de ellas de nuevo fue se\u00f1alado el Poder Judicial. Magistrados y jueces ardieron en plena avenida, al ser incendiadas representaciones elaboradas en cart\u00f3n de los impartidores de justicia.<\/p>\n\n\n\n<p>Poco despu\u00e9s comenzaron a marchar los primeros contingentes entre consignas, batucadas, bailes y bengalas de humo morado. Denunciaron los riesgos que implica confiar en el amor rom\u00e1ntico y se solidarizaron con las que ya no est\u00e1n y con las que vendr\u00e1n. Exigieron terminar con los techos de cristal y respeto a todas las formas de denuncia.<\/p>\n\n\n\n<p>En el mitin central, aseguraron que \u201cpara hacer realidad las frases gubernamentales \u2018Es tiempo de mujeres\u2019 y \u2018Llegamos todas\u2019, las acciones han de ir m\u00e1s all\u00e1 del discurso; por lo contrario, ser\u00e1 un postulado falso\u201d.<\/p>\n\n\n\n<p>Al concluir la marcha, cientos de mujeres permanecieron por varias horas, hasta la noche, en la plancha del Z\u00f3calo, donde prendieron fogatas alimentadas con los carteles que llevaron durante su recorrido. All\u00ed cantaron, bailaron, se abrazaron y reconocieron que \u201cesta lucha nos hermana\u201d.<\/p>\n\n\n\n<p>(Informaci\u00f3n de \u201cLa Jornada\u201d)<\/p>\n","protected":false},"excerpt":{"rendered":"<p>Redacci\u00f3n\/Zona Roja Cdmx. Ciudad de M\u00e9xico, a 9 de marzo de 2025.- Las mujeres \u201cno&hellip;<\/p>\n","protected":false},"author":2,"featured_media":78245,"comment_status":"closed","ping_status":"open","sticky":false,"template":"","format":"standard","meta":{"_lmt_disableupdate":"","_lmt_disable":"","_jetpack_memberships_contains_paid_content":false,"footnotes":""},"categories":[109,46],"tags":[],"class_list":["post-78246","post","type-post","status-publish","format-standard","has-post-thumbnail","hentry","category-minuto-a-minuto","category-zona-blanca"],"jetpack_featured_media_url":"https:\/\/zonaroja.com.mx\/wp-content\/uploads\/2025\/03\/img_1695-1.jpg","jetpack_sharing_enabled":true,"_links":{"self":[{"href":"https:\/\/zonaroja.com.mx\/index.php?rest_route=\/wp\/v2\/posts\/78246","targetHints":{"allow":["GET"]}}],"collection":[{"href":"https:\/\/zonaroja.com.mx\/index.php?rest_route=\/wp\/v2\/posts"}],"about":[{"href":"https:\/\/zonaroja.com.mx\/index.php?rest_route=\/wp\/v2\/types\/post"}],"author":[{"embeddable":true,"href":"https:\/\/zonaroja.com.mx\/index.php?rest_route=\/wp\/v2\/users\/2"}],"replies":[{"embeddable":true,"href":"https:\/\/zonaroja.com.mx\/index.php?rest_route=%2Fwp%2Fv2%2Fcomments&post=78246"}],"version-history":[{"count":1,"href":"https:\/\/zonaroja.com.mx\/index.php?rest_route=\/wp\/v2\/posts\/78246\/revisions"}],"predecessor-version":[{"id":78247,"href":"https:\/\/zonaroja.com.mx\/index.php?rest_route=\/wp\/v2\/posts\/78246\/revisions\/78247"}],"wp:featuredmedia":[{"embeddable":true,"href":"https:\/\/zonaroja.com.mx\/index.php?rest_route=\/wp\/v2\/media\/78245"}],"wp:attachment":[{"href":"https:\/\/zonaroja.com.mx\/index.php?rest_route=%2Fwp%2Fv2%2Fmedia&parent=78246"}],"wp:term":[{"taxonomy":"category","embeddable":true,"href":"https:\/\/zonaroja.com.mx\/index.php?rest_route=%2Fwp%2Fv2%2Fcategories&post=78246"},{"taxonomy":"post_tag","embeddable":true,"href":"https:\/\/zonaroja.com.mx\/index.php?rest_route=%2Fwp%2Fv2%2Ftags&post=78246"}],"curies":[{"name":"wp","href":"https:\/\/api.w.org\/{rel}","templated":true}]}}