{"id":78249,"date":"2025-03-09T10:12:07","date_gmt":"2025-03-09T16:12:07","guid":{"rendered":"https:\/\/zonaroja.com.mx\/?p=78249"},"modified":"2025-03-09T10:12:07","modified_gmt":"2025-03-09T16:12:07","slug":"ejecutan-a-un-individuo-en-el-istmo-hallan-mujer-muerta-en-la-mixteca","status":"publish","type":"post","link":"https:\/\/zonaroja.com.mx\/?p=78249","title":{"rendered":"Ejecutan a un individuo en el Istmo; hallan mujer muerta en la Mixteca"},"content":{"rendered":"\n<p>Ismael Garc\u00eda M.\/Zona Roja.<\/p>\n\n\n\n<p>Oaxaca de Ju\u00e1rez, Oax., a 9 de marzo de 2025.- Una persona del sexo masculino sin vida, con huellas de ejecuci\u00f3n por disparos de arma de fuego, fue localizada ayer en Santa Mar\u00eda Petapa, regi\u00f3n del Istmo de Tehuantepec.<\/p>\n\n\n\n<p>El hallazgo ocurri\u00f3 ayer en un camino de terracer\u00eda hacia la localidad de El Polvor\u00edn y el cuerpo se encontraba maniatado, vendado de los ojos y con impactos de bala en la cabeza, de acuerdo con los primeros reportes policiacos.<\/p>\n\n\n\n<p>Hasta el momento la v\u00edctima a\u00fan no ha sido identificada y la Vicefiscal\u00eda Regional del Istmo, dependiente de la Fiscal\u00eda General del Estado de Oaxaca, inici\u00f3 las investigaciones correspondientes.<\/p>\n\n\n\n<p>EN TLAXIACO<\/p>\n\n\n\n<p>Por otra parte, en un domicilio del barrio San Sebasti\u00e1n del municipio Heroica Ciudad de Tlaxiaco, en la regi\u00f3n Mixteca, fue hallado ayer el cuerpo sin vida de una mujer.<\/p>\n\n\n\n<p>A\u00fan se desconocen las causas del deceso pero presentaba signos de descomposici\u00f3n; tampoco ha sido identificada de manera legal.<\/p>\n\n\n\n<p>Seg\u00fan los primeros datos, la mujer fue vista por \u00faltima vez el pasado 28 de febrero en el mismo municipio y el cuerpo fue hallado por la casera que acud\u00eda a cobrarle la renta de la vivienda.<\/p>\n\n\n\n<p>Personal ministerial y de investigaci\u00f3n de la Vicefiscal\u00eda Regional de la Mixteca indaga el caso.<\/p>\n","protected":false},"excerpt":{"rendered":"<p>Ismael Garc\u00eda M.\/Zona Roja. Oaxaca de Ju\u00e1rez, Oax., a 9 de marzo de 2025.- Una&hellip;<\/p>\n","protected":false},"author":2,"featured_media":78248,"comment_status":"closed","ping_status":"open","sticky":false,"template":"","format":"standard","meta":{"_lmt_disableupdate":"","_lmt_disable":"","_jetpack_memberships_contains_paid_content":false,"footnotes":""},"categories":[109,51],"tags":[],"class_list":["post-78249","post","type-post","status-publish","format-standard","has-post-thumbnail","hentry","category-minuto-a-minuto","category-zona-roja"],"jetpack_featured_media_url":"https:\/\/zonaroja.com.mx\/wp-content\/uploads\/2025\/03\/daa027ec-05a2-41f0-99cc-ae7265fda07d-1.jpg","jetpack_sharing_enabled":true,"_links":{"self":[{"href":"https:\/\/zonaroja.com.mx\/index.php?rest_route=\/wp\/v2\/posts\/78249","targetHints":{"allow":["GET"]}}],"collection":[{"href":"https:\/\/zonaroja.com.mx\/index.php?rest_route=\/wp\/v2\/posts"}],"about":[{"href":"https:\/\/zonaroja.com.mx\/index.php?rest_route=\/wp\/v2\/types\/post"}],"author":[{"embeddable":true,"href":"https:\/\/zonaroja.com.mx\/index.php?rest_route=\/wp\/v2\/users\/2"}],"replies":[{"embeddable":true,"href":"https:\/\/zonaroja.com.mx\/index.php?rest_route=%2Fwp%2Fv2%2Fcomments&post=78249"}],"version-history":[{"count":1,"href":"https:\/\/zonaroja.com.mx\/index.php?rest_route=\/wp\/v2\/posts\/78249\/revisions"}],"predecessor-version":[{"id":78250,"href":"https:\/\/zonaroja.com.mx\/index.php?rest_route=\/wp\/v2\/posts\/78249\/revisions\/78250"}],"wp:featuredmedia":[{"embeddable":true,"href":"https:\/\/zonaroja.com.mx\/index.php?rest_route=\/wp\/v2\/media\/78248"}],"wp:attachment":[{"href":"https:\/\/zonaroja.com.mx\/index.php?rest_route=%2Fwp%2Fv2%2Fmedia&parent=78249"}],"wp:term":[{"taxonomy":"category","embeddable":true,"href":"https:\/\/zonaroja.com.mx\/index.php?rest_route=%2Fwp%2Fv2%2Fcategories&post=78249"},{"taxonomy":"post_tag","embeddable":true,"href":"https:\/\/zonaroja.com.mx\/index.php?rest_route=%2Fwp%2Fv2%2Ftags&post=78249"}],"curies":[{"name":"wp","href":"https:\/\/api.w.org\/{rel}","templated":true}]}}