{"id":7825,"date":"2020-01-19T08:24:44","date_gmt":"2020-01-19T14:24:44","guid":{"rendered":"http:\/\/www.zonaroja.com.mx\/?p=7825"},"modified":"2020-01-19T08:24:48","modified_gmt":"2020-01-19T14:24:48","slug":"retiene-fiscalia-por-unas-dos-horas-a-diaz-pantoja-dirigente-de-transportistas","status":"publish","type":"post","link":"https:\/\/zonaroja.com.mx\/?p=7825","title":{"rendered":"Retiene Fiscal\u00eda por unas dos horas a D\u00edaz Pantoja, dirigente de transportistas"},"content":{"rendered":"\n<p>Redacci\u00f3n\/Zona\nRoja.<\/p>\n\n\n\n<p>Oaxaca de\nJu\u00e1rez, Oax., 19 de enero de 2020.- Por alrededor de dos horas, personal de la\nFiscal\u00eda General del Estado de Oaxaca retuvo anoche, sin explicaci\u00f3n alguna, a\nla dirigente de la Confederaci\u00f3n \u201cLibertad\u201d de Trabajadores de M\u00e9xico,\nGuadalupe D\u00edaz Pantoja.<\/p>\n\n\n\n<p>La lideresa\nde transportistas fue citada aproximadamente a las 10:00 horas por\nfuncionarios, en la sede de la dependencia ubicada en La Experimental, agencia\nde San Antonio de la Cal, para revisar unos 28 expedientes de casos de\ntransportistas agredidos; el encuentro termin\u00f3 cerca de las 20:00 horas.<\/p>\n\n\n\n<p>Minutos antes, D\u00edaz Pantoja cit\u00f3 a medios de comunicaci\u00f3n a una conferencia de prensa en la sede alterna de la Fiscal\u00eda, en La Experimental; fue entonces cuando le fue impedida su salida a ella y otros de sus agremiados, por lo cual estuvieron por al menos dos horas retenidas.<\/p>\n\n\n\n<figure class=\"wp-block-embed-twitter wp-block-embed is-type-rich is-provider-twitter\"><div class=\"wp-block-embed__wrapper\">\n<div class=\"twitter-tweet\"><blockquote class=\"twitter-tweet\" data-lang=\"es\"><p lang=\"es\" dir=\"ltr\">Este es -desde el exterior del edificio de La Experimental- otro fragmento de video de retenci\u00f3n anoche por unas dos horas de la dirigente de la Confederaci\u00f3n de Trabajadores \u201cLibertad\u201d, <a href=\"https:\/\/twitter.com\/EllaEsGuadalupe?ref_src=twsrc%5Etfw\">@EllaEsGuadalupe<\/a>, por parte de personal de la <a href=\"https:\/\/twitter.com\/FISCALIA_GobOax?ref_src=twsrc%5Etfw\">@FISCALIA_GobOax<\/a>: <a href=\"https:\/\/t.co\/Gv6d7HZRci\">pic.twitter.com\/Gv6d7HZRci<\/a><\/p>&mdash; Zona Roja Oaxaca (@MexRoja) <a href=\"https:\/\/twitter.com\/MexRoja\/status\/1218891951984054273?ref_src=twsrc%5Etfw\">19 de enero de 2020<\/a><\/blockquote><\/div>\n<\/div><\/figure>\n\n\n\n<p>Entre los\nfuncionarios que le imped\u00edan salir estar\u00edan Guillermo Romero Robles, director\nde la Agencia Estatal de Investigaciones; Alejandro Magno, Vicefiscal General;\nEdgar, secretario particular del fiscal Rub\u00e9n Vasconcelos M\u00e9ndez, quienes\npretend\u00edan que no diera la conferencia de prensa para denunciar anomal\u00edas.<\/p>\n\n\n\n<p>\u201cQuieren que\nsalgamos por una parte de atr\u00e1s pero tampoco nos dicen d\u00f3nde; el motivo porque\nnos tienen y no nos quieren abrir la puerta principal es porque no quieren que\nhagamos ninguna declaraci\u00f3n a los medios y no quieren a los medios dentro de la\nfiscal\u00eda\u201d, expuso en uno de al menos tres videos que circularon de la\nretenci\u00f3n.<\/p>\n\n\n\n<p>\u201cVenimos hoy\ndesde las 10 de la ma\u00f1ana para dar seguimiento a 28 carpetas de investigaci\u00f3n\nque tenemos por la violencia sistem\u00e1tica ejercida por el Estado en complicidad\ncon el fiscal Rub\u00e9n Vasconcelos M\u00e9ndez en contra de la Confederaci\u00f3n \u2018Libertad\u2019,\naqu\u00ed estamos y no quieren que su servidora d\u00e9 ninguna declaraci\u00f3n\u201d, a\u00f1adi\u00f3.<\/p>\n\n\n\n<p>Fue\nalrededor de las 22:30 horas en que finalmente pudieron salir los representantes\nde ese gremio. Este domingo dar\u00edan una declaraci\u00f3n a los medios acerca de los\nhechos.<\/p>\n","protected":false},"excerpt":{"rendered":"<p>Redacci\u00f3n\/Zona Roja. Oaxaca de Ju\u00e1rez, Oax., 19 de enero de 2020.- Por alrededor de dos&hellip;<\/p>\n","protected":false},"author":2,"featured_media":7826,"comment_status":"closed","ping_status":"open","sticky":false,"template":"","format":"standard","meta":{"_lmt_disableupdate":"","_lmt_disable":"","_jetpack_memberships_contains_paid_content":false,"footnotes":""},"categories":[109,47],"tags":[494,264],"class_list":["post-7825","post","type-post","status-publish","format-standard","has-post-thumbnail","hentry","category-minuto-a-minuto","category-zona-gris","tag-fiscalia-general-del-estado-de-oaxaca","tag-guadalupe-diaz-pantoja"],"jetpack_featured_media_url":"https:\/\/zonaroja.com.mx\/wp-content\/uploads\/2020\/01\/IMG_9975.jpg","jetpack_sharing_enabled":true,"_links":{"self":[{"href":"https:\/\/zonaroja.com.mx\/index.php?rest_route=\/wp\/v2\/posts\/7825","targetHints":{"allow":["GET"]}}],"collection":[{"href":"https:\/\/zonaroja.com.mx\/index.php?rest_route=\/wp\/v2\/posts"}],"about":[{"href":"https:\/\/zonaroja.com.mx\/index.php?rest_route=\/wp\/v2\/types\/post"}],"author":[{"embeddable":true,"href":"https:\/\/zonaroja.com.mx\/index.php?rest_route=\/wp\/v2\/users\/2"}],"replies":[{"embeddable":true,"href":"https:\/\/zonaroja.com.mx\/index.php?rest_route=%2Fwp%2Fv2%2Fcomments&post=7825"}],"version-history":[{"count":1,"href":"https:\/\/zonaroja.com.mx\/index.php?rest_route=\/wp\/v2\/posts\/7825\/revisions"}],"predecessor-version":[{"id":7827,"href":"https:\/\/zonaroja.com.mx\/index.php?rest_route=\/wp\/v2\/posts\/7825\/revisions\/7827"}],"wp:featuredmedia":[{"embeddable":true,"href":"https:\/\/zonaroja.com.mx\/index.php?rest_route=\/wp\/v2\/media\/7826"}],"wp:attachment":[{"href":"https:\/\/zonaroja.com.mx\/index.php?rest_route=%2Fwp%2Fv2%2Fmedia&parent=7825"}],"wp:term":[{"taxonomy":"category","embeddable":true,"href":"https:\/\/zonaroja.com.mx\/index.php?rest_route=%2Fwp%2Fv2%2Fcategories&post=7825"},{"taxonomy":"post_tag","embeddable":true,"href":"https:\/\/zonaroja.com.mx\/index.php?rest_route=%2Fwp%2Fv2%2Ftags&post=7825"}],"curies":[{"name":"wp","href":"https:\/\/api.w.org\/{rel}","templated":true}]}}