{"id":78253,"date":"2025-03-09T11:06:21","date_gmt":"2025-03-09T17:06:21","guid":{"rendered":"https:\/\/zonaroja.com.mx\/?p=78253"},"modified":"2025-03-10T05:23:55","modified_gmt":"2025-03-10T11:23:55","slug":"mataron-a-un-militar-en-putla-oaxaca-ya-detenidos-y-vinculados-a-proceso","status":"publish","type":"post","link":"https:\/\/zonaroja.com.mx\/?p=78253","title":{"rendered":"Mataron a un militar en Putla, Oaxaca; ya detenidos y vinculados a proceso"},"content":{"rendered":"\n<p>Redacci\u00f3n\/Zona Roja.<\/p>\n\n\n\n<p>Oaxaca de Ju\u00e1rez, Oax., a 9 de marzo de 2025.- La Fiscal\u00eda General del Estado de Oaxaca (FGEO) logr\u00f3 la vinculaci\u00f3n a proceso contra dos personas una del sexo masculino identificada como G.P.A. y una mujer identificada como F.P.G., por el delito de homicidio calificado con ventaja, hechos ocurridos en la regi\u00f3n de la Sierra Sur.<\/p>\n\n\n\n<p>De acuerdo con la carpeta de investigaci\u00f3n, los hechos ocurrieron en diciembre de 2024, cuando la v\u00edctima identificada como G.C.E.&nbsp; -quien era militar- se encontraba en Putla Villa de Guerrero, donde fue agredido con disparos de arma de fuego y perdi\u00f3 la vida.<\/p>\n\n\n\n<p>Al tener conocimiento del caso, la FGEO inici\u00f3 las investigaciones correspondientes a trav\u00e9s de la Vicefiscal\u00eda Regional de la Mixteca, lo que permiti\u00f3 obtener las pruebas suficientes para que fuera otorgada, y posteriormente ejecutada, la orden de aprehensi\u00f3n en contra de G.P.A y F.P.G.&nbsp; por el delito de homicidio calificado con ventaja, quienes fueron puestos a disposici\u00f3n de la autoridad correspondiente para que se determine su situaci\u00f3n jur\u00eddica.<\/p>\n\n\n\n<p>Tras valorar las pruebas presentadas por la FGEO, el Juez que atiende la causa determin\u00f3 la vinculaci\u00f3n a proceso en contra de un hombre identificado como G.P.A. y una mujer identificada como F.P.G, por el delito de homicidio calificado con ventaja, adem\u00e1s de dictar la medida cautelar de prisi\u00f3n preventiva y otorgar dos meses para el cierre de la investigaci\u00f3n.<\/p>\n\n\n\n<p>La Fiscal\u00eda de Oaxaca realiza investigaciones integrales y multidisciplinarias para esclarecer los delitos de alto impacto, esto con el objetivo de presentar ante la justicia a quien o quienes resulten responsables y garantizar un adecuado acceso a la procuraci\u00f3n de justicia a las v\u00edctimas.<\/p>\n","protected":false},"excerpt":{"rendered":"<p>Redacci\u00f3n\/Zona Roja. Oaxaca de Ju\u00e1rez, Oax., a 9 de marzo de 2025.- La Fiscal\u00eda General&hellip;<\/p>\n","protected":false},"author":2,"featured_media":78276,"comment_status":"closed","ping_status":"open","sticky":false,"template":"","format":"standard","meta":{"_lmt_disableupdate":"","_lmt_disable":"","_jetpack_memberships_contains_paid_content":false,"footnotes":""},"categories":[1,46],"tags":[],"class_list":["post-78253","post","type-post","status-publish","format-standard","has-post-thumbnail","hentry","category-sin-categoria","category-zona-blanca"],"jetpack_featured_media_url":"https:\/\/zonaroja.com.mx\/wp-content\/uploads\/2025\/03\/Detenidos-Putla.jpg","jetpack_sharing_enabled":true,"_links":{"self":[{"href":"https:\/\/zonaroja.com.mx\/index.php?rest_route=\/wp\/v2\/posts\/78253","targetHints":{"allow":["GET"]}}],"collection":[{"href":"https:\/\/zonaroja.com.mx\/index.php?rest_route=\/wp\/v2\/posts"}],"about":[{"href":"https:\/\/zonaroja.com.mx\/index.php?rest_route=\/wp\/v2\/types\/post"}],"author":[{"embeddable":true,"href":"https:\/\/zonaroja.com.mx\/index.php?rest_route=\/wp\/v2\/users\/2"}],"replies":[{"embeddable":true,"href":"https:\/\/zonaroja.com.mx\/index.php?rest_route=%2Fwp%2Fv2%2Fcomments&post=78253"}],"version-history":[{"count":1,"href":"https:\/\/zonaroja.com.mx\/index.php?rest_route=\/wp\/v2\/posts\/78253\/revisions"}],"predecessor-version":[{"id":78254,"href":"https:\/\/zonaroja.com.mx\/index.php?rest_route=\/wp\/v2\/posts\/78253\/revisions\/78254"}],"wp:featuredmedia":[{"embeddable":true,"href":"https:\/\/zonaroja.com.mx\/index.php?rest_route=\/wp\/v2\/media\/78276"}],"wp:attachment":[{"href":"https:\/\/zonaroja.com.mx\/index.php?rest_route=%2Fwp%2Fv2%2Fmedia&parent=78253"}],"wp:term":[{"taxonomy":"category","embeddable":true,"href":"https:\/\/zonaroja.com.mx\/index.php?rest_route=%2Fwp%2Fv2%2Fcategories&post=78253"},{"taxonomy":"post_tag","embeddable":true,"href":"https:\/\/zonaroja.com.mx\/index.php?rest_route=%2Fwp%2Fv2%2Ftags&post=78253"}],"curies":[{"name":"wp","href":"https:\/\/api.w.org\/{rel}","templated":true}]}}