{"id":78258,"date":"2025-03-09T15:07:52","date_gmt":"2025-03-09T21:07:52","guid":{"rendered":"https:\/\/zonaroja.com.mx\/?p=78258"},"modified":"2025-03-09T15:07:54","modified_gmt":"2025-03-09T21:07:54","slug":"choque-armado-en-siria-deja-mas-de-mil-muertos-la-mayoria-civiles","status":"publish","type":"post","link":"https:\/\/zonaroja.com.mx\/?p=78258","title":{"rendered":"Choque armado en Siria deja m\u00e1s de mil muertos, la mayor\u00eda civiles"},"content":{"rendered":"\n<p>Redacci\u00f3n\/Zona Roja Cdmx.<\/p>\n\n\n\n<p>Ciudad de M\u00e9xico, a 9 de marzo de 2025.- M\u00e1s de mil personas, entre ellas 745 civiles de la minor\u00eda alauita, han muerto en las provincias costeras de Siria en tres d\u00edas de choques entre las fuerzas de seguridad de la nueva administraci\u00f3n de Damasco con grupos leales al derrocado presidente Bachar al Asad, inform\u00f3 este s\u00e1bado una ONG.<\/p>\n\n\n\n<p>\u00abHasta la tarde de este s\u00e1bado, la cifra de muertos lleg\u00f3 a&nbsp; mil 18 personas\u00bb, dijo el Observatorio Sirio de Derechos Humanos, que indic\u00f3 que \u00ab745 civiles fueron asesinados a sangre fr\u00eda en masacres sectarias\u00bb en las provincias del oeste de Siria de mayor\u00eda alauita, la rama del islam chi\u00ed que profesa la familia de Bachar Al Asad.<\/p>\n\n\n\n<p>Seg\u00fan la ONG, con sede en el Reino Unido y una amplia red de colaboradores sobre el terreno, \u00abla cifra de bajas humanas ha subido aceleradamente desde la entrada de grupos armados para apoyar las fuerzas de seguridad y las unidades del Ministerio de Defensa\u00bb de las nuevas autoridades de Damasco.<\/p>\n\n\n\n<p>Seg\u00fan el desglose de las v\u00edctimas, al menos 125 miembros de la Seguridad General, el Ministerio de Defensa y otros grupos aliados han fallecido en tres d\u00edas de enfrentamientos; mientras que otros 148 \u00abindividuos armados\u00bb leales al r\u00e9gimen de al Asad han muerto en los choques que han tenido lugar en las provincias de Latakia, Tart\u00fas, Homs y Hama.<\/p>\n\n\n\n<p>Las muertes civiles y \u00abejecuciones de campo\u00bb se han producido principalmente en las provincias costeras de Latakia y Tart\u00fas, antiguos feudos de la familia Al Asad y el n\u00facleo de la comunidad alauita, a la que pertenece alrededor del 10 % de la poblaci\u00f3n siria.<\/p>\n\n\n\n<p>Ante la \u00abmasacre\u00bb de ciudadanos, entre ellos mujeres y ni\u00f1os, la ONG hizo un llamado a la comunidad internacional \u00abpara que adopte medidas urgentes y env\u00ede equipos internacionales especializados de investigaci\u00f3n para documentar las graves violaciones que han afectado a los civiles\u201d.<\/p>\n\n\n\n<p>Asimismo, pidi\u00f3 a las autoridades de Damasco que \u00abexijan responsabilidades\u00bb a sus efectivos implicados en estas acciones, al considerar que \u00abla impunidad alienta la repetici\u00f3n de cr\u00edmenes en el futuro, lo que amenaza la estabilidad pol\u00edtica y social en Siria tras la ca\u00edda de Al Asad\u00bb.<\/p>\n\n\n\n<p>La nueva administraci\u00f3n siria no ha reconocido expl\u00edcitamente estos actos, aunque s\u00ed ha afirmado que tomar\u00e1 medidas legales y har\u00e1 rendir cuentas contra todo aquel que haya cometido \u00abexcesos\u00bb o \u00abactos de venganza\u00bb contra la poblaci\u00f3n civil durante las operaciones militares dirigidas a apagar los focos de insurgencia de los grupos pro Al Asad.<\/p>\n\n\n\n<p>Los choques estallaron el jueves, despu\u00e9s de que insurgentes alauitas lanzaran un ataque contra las fuerzas de seguridad en la localidad de Jableh, en Latakia, lo que desencaden\u00f3 la mayor ola de violencia en Siria desde el derrocamiento de Al Asad el pasado 8 de diciembre.<\/p>\n\n\n\n<p>Las nuevas fuerzas sirias est\u00e1n mayoritariamente compuestas por excombatientes de la ahora disuelta alianza islamista Hayat Tahrir al Sham (HTS), la agrupaci\u00f3n que lider\u00f3 la ofensiva contra Al Asad y cuyas ra\u00edces proceden del Frente Al Nusra, la ex filial de Al Qaeda en Siria.<\/p>\n\n\n\n<p>(Informaci\u00f3n de la agencia EFE en \u201cMilenio\u201d)<\/p>\n","protected":false},"excerpt":{"rendered":"<p>Redacci\u00f3n\/Zona Roja Cdmx. Ciudad de M\u00e9xico, a 9 de marzo de 2025.- M\u00e1s de mil&hellip;<\/p>\n","protected":false},"author":2,"featured_media":78259,"comment_status":"closed","ping_status":"open","sticky":false,"template":"","format":"standard","meta":{"_lmt_disableupdate":"","_lmt_disable":"","_jetpack_memberships_contains_paid_content":false,"footnotes":""},"categories":[109,47],"tags":[4242],"class_list":["post-78258","post","type-post","status-publish","format-standard","has-post-thumbnail","hentry","category-minuto-a-minuto","category-zona-gris","tag-siria"],"jetpack_featured_media_url":"https:\/\/zonaroja.com.mx\/wp-content\/uploads\/2025\/03\/Conflicto-Siria.jpg","jetpack_sharing_enabled":true,"_links":{"self":[{"href":"https:\/\/zonaroja.com.mx\/index.php?rest_route=\/wp\/v2\/posts\/78258","targetHints":{"allow":["GET"]}}],"collection":[{"href":"https:\/\/zonaroja.com.mx\/index.php?rest_route=\/wp\/v2\/posts"}],"about":[{"href":"https:\/\/zonaroja.com.mx\/index.php?rest_route=\/wp\/v2\/types\/post"}],"author":[{"embeddable":true,"href":"https:\/\/zonaroja.com.mx\/index.php?rest_route=\/wp\/v2\/users\/2"}],"replies":[{"embeddable":true,"href":"https:\/\/zonaroja.com.mx\/index.php?rest_route=%2Fwp%2Fv2%2Fcomments&post=78258"}],"version-history":[{"count":1,"href":"https:\/\/zonaroja.com.mx\/index.php?rest_route=\/wp\/v2\/posts\/78258\/revisions"}],"predecessor-version":[{"id":78260,"href":"https:\/\/zonaroja.com.mx\/index.php?rest_route=\/wp\/v2\/posts\/78258\/revisions\/78260"}],"wp:featuredmedia":[{"embeddable":true,"href":"https:\/\/zonaroja.com.mx\/index.php?rest_route=\/wp\/v2\/media\/78259"}],"wp:attachment":[{"href":"https:\/\/zonaroja.com.mx\/index.php?rest_route=%2Fwp%2Fv2%2Fmedia&parent=78258"}],"wp:term":[{"taxonomy":"category","embeddable":true,"href":"https:\/\/zonaroja.com.mx\/index.php?rest_route=%2Fwp%2Fv2%2Fcategories&post=78258"},{"taxonomy":"post_tag","embeddable":true,"href":"https:\/\/zonaroja.com.mx\/index.php?rest_route=%2Fwp%2Fv2%2Ftags&post=78258"}],"curies":[{"name":"wp","href":"https:\/\/api.w.org\/{rel}","templated":true}]}}