{"id":78261,"date":"2025-03-09T15:17:39","date_gmt":"2025-03-09T21:17:39","guid":{"rendered":"https:\/\/zonaroja.com.mx\/?p=78261"},"modified":"2025-03-09T15:17:41","modified_gmt":"2025-03-09T21:17:41","slug":"en-la-sierra-de-juarez-debaten-propuestas-para-nueva-constitucion","status":"publish","type":"post","link":"https:\/\/zonaroja.com.mx\/?p=78261","title":{"rendered":"En la Sierra de Ju\u00e1rez, debaten propuestas para nueva Constituci\u00f3n\u00a0"},"content":{"rendered":"\n<p>Redacci\u00f3n\/Zona Roja.<\/p>\n\n\n\n<p>Oaxaca de Ju\u00e1rez, Oax., 8 de marzo de 2025.- Desde el auditorio municipal de Ixtl\u00e1n de Ju\u00e1rez, de la regi\u00f3n Sierra de Ju\u00e1rez, el titular de la Consejer\u00eda Jur\u00eddica y Asistencia Legal del Gobierno del Estado, Geovany V\u00e1squez Sagrero, enfatiz\u00f3 que la nueva Constituci\u00f3n local debe rescatar el sentir de las oaxaque\u00f1as y oaxaque\u00f1os, su identidad y derechos.<\/p>\n\n\n\n<p>En el marco del quinto Encuentro Regional Informativo y de Participaci\u00f3n Social y Ciudadana, Historia de las Constituciones de Oaxaca y Propuestas de Reforma a la Constituci\u00f3n de 1922, V\u00e1squez Sagrero destac\u00f3 la aportaci\u00f3n hist\u00f3rica de la Sierra de Ju\u00e1rez a trav\u00e9s de la visi\u00f3n de Benito Ju\u00e1rez, Marcos P\u00e9rez y Miguel M\u00e9ndez, para un estado m\u00e1s justo.<\/p>\n\n\n\n<p>\u201cTenemos la encomienda del gobernador Salom\u00f3n Jara Cruz, de recopilar el pensamiento, sentimiento y visi\u00f3n de los habitantes de esta regi\u00f3n para recuperar la normativa y directriz de lo que debe contener nuestro marco normativo\u201d, expres\u00f3.<\/p>\n\n\n\n<p>El tambi\u00e9n suplente del Presidente de la Comisi\u00f3n Estatal para la Conmemoraci\u00f3n del Bicentenario de la primera Constituci\u00f3n del Estado Libre y Soberano de Oaxaca, enfatiz\u00f3 que toda vez que la actual Constituci\u00f3n busca regular la vida de las y los oaxaque\u00f1os, los tres poderes del Estado: Legislativo, Judicial y Ejecutivo trabajar\u00e1n para que el nuevo marco normativo sea entendible por el pueblo y no solo por especialistas.<\/p>\n\n\n\n<p>Por su parte, el edil de la demarcaci\u00f3n, Jos\u00e9 Juan Ruiz Pacheco, recalc\u00f3 que es vital tomar en cuenta a los pueblos con su propia visi\u00f3n y autonom\u00eda, escuchar a sus estudiantes, mandos y autoridades comunales para plasmar lo mejor de ellos a la nueva Constituci\u00f3n.<\/p>\n\n\n\n<p>En su intervenci\u00f3n, la magistrada Margarita Leonor Gopar P\u00e9rez, destac\u00f3 el incluir la multiculturalidad y pluriculturalidad en el nuevo esquema de leyes, como los derechos de las infancias, de los grupos vulnerables, adem\u00e1s de la cosmovisi\u00f3n de los pueblos originarios.<\/p>\n\n\n\n<p>Durante su participaci\u00f3n, el presidente de la Junta de Coordinaci\u00f3n Pol\u00edtica del Congreso del Estado (Jucopo), Benjam\u00edn Viveros Montalvo, indic\u00f3 que la democracia se construye desde abajo y no desde las c\u00fapulas, por lo cual 103 a\u00f1os despu\u00e9s de la \u00faltima proclamaci\u00f3n de la Constituci\u00f3n, es necesario un nuevo marco jur\u00eddico basado en la justicia social y el desarrollo sostenible.<\/p>\n\n\n\n<p>\u201cSer\u00e1 un documento hist\u00f3rico, donde las voces de Oaxaca se plasmar\u00e1n en un texto que represente a todos y todas sin exclusi\u00f3n, defendiendo la soberan\u00eda\u201d, enfatiz\u00f3.<\/p>\n\n\n\n<p>El secretario T\u00e9cnico de la Comisi\u00f3n Estatal para la Conmemoraci\u00f3n del Bicentenario de la primera Constituci\u00f3n del Estado Libre y Soberano de Oaxaca, Ra\u00fal \u00c1vila Ortiz, destac\u00f3 que el documento vigente tiene 142 art\u00edculos y 80 mil palabras lo que la hace complicada de aplicar; sin embargo, las opiniones recabadas en las ocho regiones, se convertir\u00e1n en una iniciativa de ley que ser\u00e1 presentada ante el Congreso del Estado.<\/p>\n\n\n\n<p>De igual forma, la diputada, Melina Hern\u00e1ndez Sosa indic\u00f3 que la nueva Constituci\u00f3n tendr\u00e1 una visi\u00f3n comunitaria, acorde a la Cuarta Transformaci\u00f3n que vive el pa\u00eds, congruente con la defensa del territorio comunal.<\/p>\n\n\n\n<p>MESAS DE TRABAJO<\/p>\n\n\n\n<p>En este encuentro se realizaron las mesas de trabajo: Buena administraci\u00f3n p\u00fablica y rendici\u00f3n de cuentas; Principios, derechos, g\u00e9nero y garant\u00edas; Democracia y ciudadan\u00eda; Estructura del Estado; Poderes Ejecutivo, Legislativo y Judicial y \u00f3rganos aut\u00f3nomos; Gobierno municipal e Interculturalidad y pre\u00e1mbulo.<\/p>\n\n\n\n<p>Participaron habitantes y autoridades de Guelatao de Ju\u00e1rez, San Juan Atepec, San Juan Evangelista Analco, Capul\u00e1lpam de M\u00e9ndez, San Miguel Alo\u00e1pam, San Miguel Amatl\u00e1n, San Miguel del R\u00edo, San Juan Taba\u00e1 y San Bartolom\u00e9 Zoogocho.<\/p>\n","protected":false},"excerpt":{"rendered":"<p>Redacci\u00f3n\/Zona Roja. Oaxaca de Ju\u00e1rez, Oax., 8 de marzo de 2025.- Desde el auditorio municipal&hellip;<\/p>\n","protected":false},"author":2,"featured_media":78262,"comment_status":"closed","ping_status":"open","sticky":false,"template":"","format":"standard","meta":{"_lmt_disableupdate":"","_lmt_disable":"","_jetpack_memberships_contains_paid_content":false,"footnotes":""},"categories":[109,46],"tags":[3356],"class_list":["post-78261","post","type-post","status-publish","format-standard","has-post-thumbnail","hentry","category-minuto-a-minuto","category-zona-blanca","tag-geovany-vasquez-sagrero"],"jetpack_featured_media_url":"https:\/\/zonaroja.com.mx\/wp-content\/uploads\/2025\/03\/1.Autoridades-y-habitantes-de-la-Sierra-Juarez-proponen-ideas-para-la-nueva-constitucion.jpeg","jetpack_sharing_enabled":true,"_links":{"self":[{"href":"https:\/\/zonaroja.com.mx\/index.php?rest_route=\/wp\/v2\/posts\/78261","targetHints":{"allow":["GET"]}}],"collection":[{"href":"https:\/\/zonaroja.com.mx\/index.php?rest_route=\/wp\/v2\/posts"}],"about":[{"href":"https:\/\/zonaroja.com.mx\/index.php?rest_route=\/wp\/v2\/types\/post"}],"author":[{"embeddable":true,"href":"https:\/\/zonaroja.com.mx\/index.php?rest_route=\/wp\/v2\/users\/2"}],"replies":[{"embeddable":true,"href":"https:\/\/zonaroja.com.mx\/index.php?rest_route=%2Fwp%2Fv2%2Fcomments&post=78261"}],"version-history":[{"count":1,"href":"https:\/\/zonaroja.com.mx\/index.php?rest_route=\/wp\/v2\/posts\/78261\/revisions"}],"predecessor-version":[{"id":78263,"href":"https:\/\/zonaroja.com.mx\/index.php?rest_route=\/wp\/v2\/posts\/78261\/revisions\/78263"}],"wp:featuredmedia":[{"embeddable":true,"href":"https:\/\/zonaroja.com.mx\/index.php?rest_route=\/wp\/v2\/media\/78262"}],"wp:attachment":[{"href":"https:\/\/zonaroja.com.mx\/index.php?rest_route=%2Fwp%2Fv2%2Fmedia&parent=78261"}],"wp:term":[{"taxonomy":"category","embeddable":true,"href":"https:\/\/zonaroja.com.mx\/index.php?rest_route=%2Fwp%2Fv2%2Fcategories&post=78261"},{"taxonomy":"post_tag","embeddable":true,"href":"https:\/\/zonaroja.com.mx\/index.php?rest_route=%2Fwp%2Fv2%2Ftags&post=78261"}],"curies":[{"name":"wp","href":"https:\/\/api.w.org\/{rel}","templated":true}]}}