{"id":78278,"date":"2025-03-10T07:32:28","date_gmt":"2025-03-10T13:32:28","guid":{"rendered":"https:\/\/zonaroja.com.mx\/?p=78278"},"modified":"2025-03-10T07:32:30","modified_gmt":"2025-03-10T13:32:30","slug":"lideres-morenistas-y-del-pvem-desairan-a-la-presidenta-sheinbaum-y-le-dan-la-espalda","status":"publish","type":"post","link":"https:\/\/zonaroja.com.mx\/?p=78278","title":{"rendered":"L\u00edderes morenistas y del PVEM desairan a la Presidenta Sheinbaum y le dan la espalda"},"content":{"rendered":"\n<p>Redacci\u00f3n\/Zona Roja Cdmx.<\/p>\n\n\n\n<p>Ciudad de M\u00e9xico, a 10 de marzo de 2025.- \u00bfMorenistas le dieron la espalda a la presidenta? Durante el Arancel-Fest, celebrado en el Z\u00f3calo de la Ciudad de M\u00e9xico la tarde de este domingo 9 de marzo, se dio una escena particular entre legisladores de Morena y del PVEM con Claudia Sheinbaum.<\/p>\n\n\n\n<p>Mientras la presidenta se acercaba al estrado donde dar\u00eda su discurso respecto a las amenazas arancelarias de Donald Trump, personajes como Luisa Mar\u00eda Alcalde, dirigente nacional de Morena; el diputado Ricardo Monreal, y los senadores Ad\u00e1n Augusto L\u00f3pez y Manuel Velasco se tomaban una foto grupal d\u00e1ndole la espalda a la mandataria.<\/p>\n\n\n\n<p>Los l\u00edderes de la llamada 4T, al percatarse de que la mandataria caminaba detr\u00e1s de ellos, se giraron e intentaron saludar a Claudia Sheinbaum, quien detuvo su andar hacia el centro del escenario.<\/p>\n\n\n\n<p>Tras el evento, el primero en pronunciarse y pedir una disculpa a la presidenta de M\u00e9xico fue Manuel Velasco, coordinador de la bancada del PVEM en el Senado.<\/p>\n\n\n\n<p>\u201cEstoy reunido con el senador Ad\u00e1n Augusto L\u00f3pez y con el diputado Ricardo Monreal. Le ofrecemos una disculpa a nuestra presidenta Claudia Sheinbaum, ya que en la emoci\u00f3n del evento de unidad en el Z\u00f3calo, no escuchamos cuando lleg\u00f3 y pas\u00f3 junto a nosotros\u201d.<\/p>\n\n\n\n<p>Posteriormente, el coordinador de la bancada de Morena, Ad\u00e1n Augusto L\u00f3pez, tambi\u00e9n ofreci\u00f3 una disculpa a la presidenta Claudia Sheinbaum tras el incidente ocurrido en la plaza del Z\u00f3calo.<\/p>\n\n\n\n<p>\u201cPresidenta Claudia Sheinbaum, le ofrezco una disculpa. En la emoci\u00f3n del momento nunca escuchamos que usted ya estaba en el coraz\u00f3n de la Patria\u201d, expres\u00f3 el legislador.<\/p>\n\n\n\n<p>Al respecto, Ricardo Monreal tambi\u00e9n hab\u00eda expresado su disculpa a la mandataria, pero el legislador morenista borr\u00f3 su comentario de las redes sociales.<\/p>\n\n\n\n<p>\u201cAl inicio del evento en el Z\u00f3calo, el entusiasmo que se desbordaba nos contagi\u00f3 y no advertimos que la presidenta Claudia Sheinbaum, pasaba en este momento por donde est\u00e1bamos. Le expresamos mi disculpa sincera. Su mensaje a la naci\u00f3n fue excepcional y nada ni nadie minimiza su relevancia\u201d, dec\u00eda el mensaje del diputado.<\/p>\n\n\n\n<p>EL PRIMER DESAF\u00cdO<\/p>\n\n\n\n<p>Lo ocurrido en el Z\u00f3calo capitalino con los l\u00edderes de Morena y el PVEM sucede d\u00edas despu\u00e9s de que el Congreso de la Uni\u00f3n aprobara la reforma contra el nepotismo y la no reelecci\u00f3n propuesta.<\/p>\n\n\n\n<p>La iniciativa contra el nepotismo propone la prohibici\u00f3n para que familiares directos de funcionarios en el cargo puedan postularse para el mismo puesto de manera inmediata y que deban esperar al menos tres a\u00f1os despu\u00e9s de concluido el mandato del funcionario en cuesti\u00f3n.<\/p>\n\n\n\n<p>Claudia Sheinbaum propuso, en primera instancia, que la reforma entrara en vigor para las elecciones de 2027. Sin embargo, el Senado, con respaldo de Morena y partidos aliados, decidi\u00f3 que la iniciativa se aprobara hasta 2030.<\/p>\n\n\n\n<p>Las modificaciones se dieron luego de que Ad\u00e1n Augusto L\u00f3pez y Manuel Velasco negociaran. El cambio tiene como finalidad permitir que la senadora Ruth Miriam Gonz\u00e1lez Silva, esposa de Ricardo Gallardo Cardona, actual gobernador de San Luis Potos\u00ed, pueda postularse para el mismo cargo en los comicios de 2027.<\/p>\n\n\n\n<p>Ante las modificaciones a la reforma, Claudia Sheinbaum pidi\u00f3 a Morena que se apliquen las normas contra el nepotismo en las pr\u00f3ximas elecciones.<\/p>\n\n\n\n<p>Posteriormente, Luisa Mar\u00eda Alcalde, dirigente nacional de Morena, anunci\u00f3 que se modificar\u00e1n los estatutos del partido para respetar la reforma a partir de 2027, tal como lo propuso inicialmente la mandataria.<\/p>\n\n\n\n<p>Ante lo ocurrido hoy en el Z\u00f3calo, Luisa Mar\u00eda Alcalde asegur\u00f3 que lo sucedido entre l\u00edderes de Morena y el PVEM fue un descuido en el protocolo. Adem\u00e1s, destac\u00f3 la asistencia de m\u00e1s de 350 mil mexicanos que acudieron para escuchar el discurso de la mandataria.<\/p>\n\n\n\n<p>(Informaci\u00f3n de \u201cEl Financiero\u201d)<\/p>\n","protected":false},"excerpt":{"rendered":"<p>Redacci\u00f3n\/Zona Roja Cdmx. Ciudad de M\u00e9xico, a 10 de marzo de 2025.- \u00bfMorenistas le dieron&hellip;<\/p>\n","protected":false},"author":2,"featured_media":78279,"comment_status":"closed","ping_status":"open","sticky":false,"template":"","format":"standard","meta":{"_lmt_disableupdate":"","_lmt_disable":"","_jetpack_memberships_contains_paid_content":false,"footnotes":""},"categories":[109,47],"tags":[3370],"class_list":["post-78278","post","type-post","status-publish","format-standard","has-post-thumbnail","hentry","category-minuto-a-minuto","category-zona-gris","tag-claudia-sheinbaum"],"jetpack_featured_media_url":"https:\/\/zonaroja.com.mx\/wp-content\/uploads\/2025\/03\/Desaire-a-Claudia-Sheinbaum.jpg","jetpack_sharing_enabled":true,"_links":{"self":[{"href":"https:\/\/zonaroja.com.mx\/index.php?rest_route=\/wp\/v2\/posts\/78278","targetHints":{"allow":["GET"]}}],"collection":[{"href":"https:\/\/zonaroja.com.mx\/index.php?rest_route=\/wp\/v2\/posts"}],"about":[{"href":"https:\/\/zonaroja.com.mx\/index.php?rest_route=\/wp\/v2\/types\/post"}],"author":[{"embeddable":true,"href":"https:\/\/zonaroja.com.mx\/index.php?rest_route=\/wp\/v2\/users\/2"}],"replies":[{"embeddable":true,"href":"https:\/\/zonaroja.com.mx\/index.php?rest_route=%2Fwp%2Fv2%2Fcomments&post=78278"}],"version-history":[{"count":1,"href":"https:\/\/zonaroja.com.mx\/index.php?rest_route=\/wp\/v2\/posts\/78278\/revisions"}],"predecessor-version":[{"id":78280,"href":"https:\/\/zonaroja.com.mx\/index.php?rest_route=\/wp\/v2\/posts\/78278\/revisions\/78280"}],"wp:featuredmedia":[{"embeddable":true,"href":"https:\/\/zonaroja.com.mx\/index.php?rest_route=\/wp\/v2\/media\/78279"}],"wp:attachment":[{"href":"https:\/\/zonaroja.com.mx\/index.php?rest_route=%2Fwp%2Fv2%2Fmedia&parent=78278"}],"wp:term":[{"taxonomy":"category","embeddable":true,"href":"https:\/\/zonaroja.com.mx\/index.php?rest_route=%2Fwp%2Fv2%2Fcategories&post=78278"},{"taxonomy":"post_tag","embeddable":true,"href":"https:\/\/zonaroja.com.mx\/index.php?rest_route=%2Fwp%2Fv2%2Ftags&post=78278"}],"curies":[{"name":"wp","href":"https:\/\/api.w.org\/{rel}","templated":true}]}}