{"id":7828,"date":"2020-01-19T14:37:11","date_gmt":"2020-01-19T20:37:11","guid":{"rendered":"http:\/\/www.zonaroja.com.mx\/?p=7828"},"modified":"2020-01-19T14:37:15","modified_gmt":"2020-01-19T20:37:15","slug":"ejecutan-a-taxista-afiliado-a-la-catem-en-salina-cruz-oaxaca","status":"publish","type":"post","link":"https:\/\/zonaroja.com.mx\/?p=7828","title":{"rendered":"Ejecutan a taxista afiliado a la CATEM en Salina Cruz, Oaxaca"},"content":{"rendered":"\n<p>Redacci\u00f3n\/Zona\nRoja.<\/p>\n\n\n\n<p>Oaxaca de\nJu\u00e1rez, Oax., 19 de enero de 2020.- En el tercer d\u00eda de visita del Presidente\nAndr\u00e9s Manuel L\u00f3pez Obrador a Oaxaca, un taxista fue ejecutado a balazos la\nmadrugada de este domingo en el municipio de Salina Cruz, regi\u00f3n del Istmo de\nOaxaca.<\/p>\n\n\n\n<p>El individuo,\nidentificado como Jorge Alberto Reyes M\u00e9ndez, de 49 a\u00f1os de edad, estaba\nafiliado a la Confederaci\u00f3n Aut\u00f3noma de Trabajadores y Empleados de M\u00e9xico\n(CATEM), que a nivel nacional lidera el senador suplente por Morena, Pedro\nHaces Barba.<\/p>\n\n\n\n<p>Los hechos\nsucedieron alrededor de las 04:30 horas cuando el ruletero se desplazaba a un\ncostado de las v\u00edas del ferrocarril, en la colonia Jes\u00fas Rasgado, a bordo de su\nunidad con n\u00famero econ\u00f3mico 253, placas de circulaci\u00f3n 7444-SJK, del sitio \u201cSolidaridad\u201d.<\/p>\n\n\n\n<p>Individuos\narmados le dispararon a quemarropa tras lo cual se dieron a la fuga; personal\nde la Vicefiscal\u00eda Regional del Istmo acudi\u00f3 posteriormente a indagar los\nhechos pero hasta ahora no cuentan con pistas del o los probables autores del\ncrimen.<\/p>\n","protected":false},"excerpt":{"rendered":"<p>Redacci\u00f3n\/Zona Roja. Oaxaca de Ju\u00e1rez, Oax., 19 de enero de 2020.- En el tercer d\u00eda&hellip;<\/p>\n","protected":false},"author":2,"featured_media":7829,"comment_status":"closed","ping_status":"open","sticky":false,"template":"","format":"standard","meta":{"_lmt_disableupdate":"","_lmt_disable":"","_jetpack_memberships_contains_paid_content":false,"footnotes":""},"categories":[109,51],"tags":[1299],"class_list":["post-7828","post","type-post","status-publish","format-standard","has-post-thumbnail","hentry","category-minuto-a-minuto","category-zona-roja","tag-ejecutan-a-taxista-en-salina-cruz"],"jetpack_featured_media_url":"https:\/\/zonaroja.com.mx\/wp-content\/uploads\/2020\/01\/Taxista-ejecutado-Salina-Cruz.jpg","jetpack_sharing_enabled":true,"_links":{"self":[{"href":"https:\/\/zonaroja.com.mx\/index.php?rest_route=\/wp\/v2\/posts\/7828","targetHints":{"allow":["GET"]}}],"collection":[{"href":"https:\/\/zonaroja.com.mx\/index.php?rest_route=\/wp\/v2\/posts"}],"about":[{"href":"https:\/\/zonaroja.com.mx\/index.php?rest_route=\/wp\/v2\/types\/post"}],"author":[{"embeddable":true,"href":"https:\/\/zonaroja.com.mx\/index.php?rest_route=\/wp\/v2\/users\/2"}],"replies":[{"embeddable":true,"href":"https:\/\/zonaroja.com.mx\/index.php?rest_route=%2Fwp%2Fv2%2Fcomments&post=7828"}],"version-history":[{"count":1,"href":"https:\/\/zonaroja.com.mx\/index.php?rest_route=\/wp\/v2\/posts\/7828\/revisions"}],"predecessor-version":[{"id":7830,"href":"https:\/\/zonaroja.com.mx\/index.php?rest_route=\/wp\/v2\/posts\/7828\/revisions\/7830"}],"wp:featuredmedia":[{"embeddable":true,"href":"https:\/\/zonaroja.com.mx\/index.php?rest_route=\/wp\/v2\/media\/7829"}],"wp:attachment":[{"href":"https:\/\/zonaroja.com.mx\/index.php?rest_route=%2Fwp%2Fv2%2Fmedia&parent=7828"}],"wp:term":[{"taxonomy":"category","embeddable":true,"href":"https:\/\/zonaroja.com.mx\/index.php?rest_route=%2Fwp%2Fv2%2Fcategories&post=7828"},{"taxonomy":"post_tag","embeddable":true,"href":"https:\/\/zonaroja.com.mx\/index.php?rest_route=%2Fwp%2Fv2%2Ftags&post=7828"}],"curies":[{"name":"wp","href":"https:\/\/api.w.org\/{rel}","templated":true}]}}