{"id":78281,"date":"2025-03-10T08:09:00","date_gmt":"2025-03-10T14:09:00","guid":{"rendered":"https:\/\/zonaroja.com.mx\/?p=78281"},"modified":"2025-03-10T08:09:02","modified_gmt":"2025-03-10T14:09:02","slug":"ejecutan-a-balazos-a-dos-personas-en-la-ciudad-de-oaxaca","status":"publish","type":"post","link":"https:\/\/zonaroja.com.mx\/?p=78281","title":{"rendered":"Ejecutan a balazos a dos personas en la ciudad de Oaxaca"},"content":{"rendered":"\n<p>Ismael Garc\u00eda M.\/Zona Roja.<\/p>\n\n\n\n<p>OAxaca de Ju\u00e1rez, Oax., a 10 de marzo de 2025.- A cinco d\u00edas de la ejecuci\u00f3n de una pareja, la ma\u00f1ana de este fueron asesinadas s balazos otras dos personas en la ciudad de Oaxaca.<\/p>\n\n\n\n<p>Los cuerpos fueron localizados en la vialidad debajo del puente \u201cCuarto Centenario\u201d, cerca del parque \u201cPrimavera\u201d, en la Periferia de la capital.<\/p>\n\n\n\n<p>Aunque de manera preliminar se mencion\u00f3 que son tres v\u00edctimas, hasta el momento han sido confirmadas dos personas sin vida, con huellas de tortura y disparos de arma de fuego en varias partes del cuerpo, incluyendo la cabeza.<\/p>\n\n\n\n<p>Polic\u00edas estatales colocaron un amplio acordonamiento para evitar la toma de im\u00e1genes por parte de los medios de comunicaci\u00f3n e incluso elementos de la Agencia Estatal de Investigaciones amagaron con detener a quien grabara o fotografiara la escena.<\/p>\n\n\n\n<p>Hasta el momento las v\u00edctimas no han sido identificadas y la doble ejecuci\u00f3n habr\u00eda ocurrido durante la madrugada de este lunes.<\/p>\n\n\n\n<p>Apenas el mi\u00e9rcoles por la noche, asesinaron a balazos a un hombre y una mujer, en la calle Prolongaci\u00f3n Valerio Trujano esqu\u00ednala con Las Flores, colonia Libertad, cerca de la Central de Abasto de la capital oaxaque\u00f1a.<\/p>\n\n\n\n<p>En tanto, ayer fueron ultimadas al menos tres personas, una de ellas en Huajuapan de Le\u00f3n, otra en San Juan Bautista Tuxtepec y una m\u00e1s en Putla Villa de Guerrero.<\/p>\n","protected":false},"excerpt":{"rendered":"<p>Ismael Garc\u00eda M.\/Zona Roja. OAxaca de Ju\u00e1rez, Oax., a 10 de marzo de 2025.- A&hellip;<\/p>\n","protected":false},"author":2,"featured_media":78282,"comment_status":"closed","ping_status":"open","sticky":false,"template":"","format":"standard","meta":{"_lmt_disableupdate":"","_lmt_disable":"","_jetpack_memberships_contains_paid_content":false,"footnotes":""},"categories":[109,51],"tags":[148],"class_list":["post-78281","post","type-post","status-publish","format-standard","has-post-thumbnail","hentry","category-minuto-a-minuto","category-zona-roja","tag-oaxaca-de-juarez"],"jetpack_featured_media_url":"https:\/\/zonaroja.com.mx\/wp-content\/uploads\/2025\/03\/Ejecutados-ribera-Atoyac-puente-Cuarto-Centenario.jpg","jetpack_sharing_enabled":true,"_links":{"self":[{"href":"https:\/\/zonaroja.com.mx\/index.php?rest_route=\/wp\/v2\/posts\/78281","targetHints":{"allow":["GET"]}}],"collection":[{"href":"https:\/\/zonaroja.com.mx\/index.php?rest_route=\/wp\/v2\/posts"}],"about":[{"href":"https:\/\/zonaroja.com.mx\/index.php?rest_route=\/wp\/v2\/types\/post"}],"author":[{"embeddable":true,"href":"https:\/\/zonaroja.com.mx\/index.php?rest_route=\/wp\/v2\/users\/2"}],"replies":[{"embeddable":true,"href":"https:\/\/zonaroja.com.mx\/index.php?rest_route=%2Fwp%2Fv2%2Fcomments&post=78281"}],"version-history":[{"count":1,"href":"https:\/\/zonaroja.com.mx\/index.php?rest_route=\/wp\/v2\/posts\/78281\/revisions"}],"predecessor-version":[{"id":78283,"href":"https:\/\/zonaroja.com.mx\/index.php?rest_route=\/wp\/v2\/posts\/78281\/revisions\/78283"}],"wp:featuredmedia":[{"embeddable":true,"href":"https:\/\/zonaroja.com.mx\/index.php?rest_route=\/wp\/v2\/media\/78282"}],"wp:attachment":[{"href":"https:\/\/zonaroja.com.mx\/index.php?rest_route=%2Fwp%2Fv2%2Fmedia&parent=78281"}],"wp:term":[{"taxonomy":"category","embeddable":true,"href":"https:\/\/zonaroja.com.mx\/index.php?rest_route=%2Fwp%2Fv2%2Fcategories&post=78281"},{"taxonomy":"post_tag","embeddable":true,"href":"https:\/\/zonaroja.com.mx\/index.php?rest_route=%2Fwp%2Fv2%2Ftags&post=78281"}],"curies":[{"name":"wp","href":"https:\/\/api.w.org\/{rel}","templated":true}]}}