{"id":78284,"date":"2025-03-10T09:27:00","date_gmt":"2025-03-10T15:27:00","guid":{"rendered":"https:\/\/zonaroja.com.mx\/?p=78284"},"modified":"2025-03-10T09:48:07","modified_gmt":"2025-03-10T15:48:07","slug":"tras-vandalismo-cierran-puertas-del-centro-fotografico-fundado-por-toledo","status":"publish","type":"post","link":"https:\/\/zonaroja.com.mx\/?p=78284","title":{"rendered":"Tras vandalismo, cierran puertas del Centro Fotogr\u00e1fico fundado por Toledo"},"content":{"rendered":"\n<p>Raymundo Morales\/Zona Roja.<\/p>\n\n\n\n<p>Oaxaca de Ju\u00e1rez, Oax., a 10 de marzo de 2025.- Los actos vand\u00e1licos del pasado 8 de marzo afectaron tambi\u00e9n a una de las instituciones fundadas por el finado artista pl\u00e1stico Francisco Toledo.<\/p>\n\n\n\n<p>Se trata del Centro Fotogr\u00e1fico \u201cManuel \u00c1lvarez Bravo\u201d, ubicado en Garc\u00eda Vigil esqu\u00ednala con M. Bravo, Centro Hist\u00f3rico de la ciudad de Oaxaca, fue destrozado en varios ventanales durante la marcha por la conmemoraci\u00f3n del D\u00eda Internacional de la Mujer.<\/p>\n\n\n\n<p>\u201cNos vemos en la necesidad de cerrar el Centro Fotogr\u00e1fico \u2018Manuel \u00c1lvarez Bravo\u2019, ya que se vio afectado por las manifestaciones de esta tarde, esperamos pronto reabrir las puertas y que este espacio contin\u00fae funcionando, como lo ha hecho desde su apertura con recursos del artista Francisco Toledo y hasta la fecha es sostenido por las asociaciones civiles que el artista fund\u00f3, es un espacio independiente y el \u00fanico que conserv\u00f3 Toledo\u201d, destac\u00f3 en un comunicado.<\/p>\n\n\n\n<p>Otros inmuebles da\u00f1ados fueron tambi\u00e9n la Catedral metropolitana, en la Alameda de Le\u00f3n, que fue pintarrajeada e incendiada una parte de la puerta de la fachada principal.<\/p>\n\n\n\n<p>Asimismo, hubo algunos da\u00f1os al Palacio de Gobierno, as\u00ed como diversos comercios a lo largo de la marcha, en la avenida Ju\u00e1rez y la calle de Morelos de la capital.<\/p>\n\n\n\n<p>Hasta el momento no hay ning\u00fan balance de los hechos ni pronunciamiento por parte de las autoridades estatales respecto a los da\u00f1os y la forma en que se har\u00e1n las labores de rehabilitaci\u00f3n.<\/p>\n","protected":false},"excerpt":{"rendered":"<p>Raymundo Morales\/Zona Roja. Oaxaca de Ju\u00e1rez, Oax., a 10 de marzo de 2025.- Los actos&hellip;<\/p>\n","protected":false},"author":2,"featured_media":78285,"comment_status":"closed","ping_status":"open","sticky":false,"template":"","format":"standard","meta":{"_lmt_disableupdate":"","_lmt_disable":"","_jetpack_memberships_contains_paid_content":false,"footnotes":""},"categories":[109,47],"tags":[2020],"class_list":["post-78284","post","type-post","status-publish","format-standard","has-post-thumbnail","hentry","category-minuto-a-minuto","category-zona-gris","tag-centro-fotografico-manuel-alvarez-bravo"],"jetpack_featured_media_url":"https:\/\/zonaroja.com.mx\/wp-content\/uploads\/2025\/03\/Danos-Centro-Fotografico-Alvarez-BRavo.jpg","jetpack_sharing_enabled":true,"_links":{"self":[{"href":"https:\/\/zonaroja.com.mx\/index.php?rest_route=\/wp\/v2\/posts\/78284","targetHints":{"allow":["GET"]}}],"collection":[{"href":"https:\/\/zonaroja.com.mx\/index.php?rest_route=\/wp\/v2\/posts"}],"about":[{"href":"https:\/\/zonaroja.com.mx\/index.php?rest_route=\/wp\/v2\/types\/post"}],"author":[{"embeddable":true,"href":"https:\/\/zonaroja.com.mx\/index.php?rest_route=\/wp\/v2\/users\/2"}],"replies":[{"embeddable":true,"href":"https:\/\/zonaroja.com.mx\/index.php?rest_route=%2Fwp%2Fv2%2Fcomments&post=78284"}],"version-history":[{"count":1,"href":"https:\/\/zonaroja.com.mx\/index.php?rest_route=\/wp\/v2\/posts\/78284\/revisions"}],"predecessor-version":[{"id":78286,"href":"https:\/\/zonaroja.com.mx\/index.php?rest_route=\/wp\/v2\/posts\/78284\/revisions\/78286"}],"wp:featuredmedia":[{"embeddable":true,"href":"https:\/\/zonaroja.com.mx\/index.php?rest_route=\/wp\/v2\/media\/78285"}],"wp:attachment":[{"href":"https:\/\/zonaroja.com.mx\/index.php?rest_route=%2Fwp%2Fv2%2Fmedia&parent=78284"}],"wp:term":[{"taxonomy":"category","embeddable":true,"href":"https:\/\/zonaroja.com.mx\/index.php?rest_route=%2Fwp%2Fv2%2Fcategories&post=78284"},{"taxonomy":"post_tag","embeddable":true,"href":"https:\/\/zonaroja.com.mx\/index.php?rest_route=%2Fwp%2Fv2%2Ftags&post=78284"}],"curies":[{"name":"wp","href":"https:\/\/api.w.org\/{rel}","templated":true}]}}