{"id":78287,"date":"2025-03-10T10:30:00","date_gmt":"2025-03-10T16:30:00","guid":{"rendered":"https:\/\/zonaroja.com.mx\/?p=78287"},"modified":"2025-03-10T10:44:16","modified_gmt":"2025-03-10T16:44:16","slug":"opinion-mexico-combate-al-crimen-organizado-solo-por-presiones-de-trump","status":"publish","type":"post","link":"https:\/\/zonaroja.com.mx\/?p=78287","title":{"rendered":"Opini\u00f3n. M\u00e9xico combate al crimen organizado\u2026 s\u00f3lo por presiones de Trump"},"content":{"rendered":"\n<p>Ismael Garc\u00eda M.\/Zona Roja.<\/p>\n\n\n\n<p>Oaxaca, Oax., a 10 de marzo de 2025.- Si el crimen organizado ha controlado y&nbsp; ha estado por d\u00e9cadas en M\u00e9xico, \u00bfpor qu\u00e9 tuvo que llegar Donald Trump \u2014en su segundo periodo\u2014 para poner a M\u00e9xico de cabeza y obligar a combatir este flagelo?<\/p>\n\n\n\n<p>Nuestro pa\u00eds vive una situaci\u00f3n in\u00e9dita, primero con el crecimiento exponencial de la violencia, generada por grupos criminales que ya dominan pr\u00e1cticamente todo el territorio, y segundo porque nadie, hasta hace dos meses, hac\u00eda algo por frenarlo.<\/p>\n\n\n\n<p>Por el contrario, durante el sexenio de Andr\u00e9s Manuel L\u00f3pez Obrador, se les apapach\u00f3 (\u201cabrazos, no balazos\u201d) y el entonces Presidente hasta salud\u00f3 con respeto a la madre de Joaqu\u00edn \u201cEl Chapo\u201d Guzm\u00e1n.&nbsp;<\/p>\n\n\n\n<p>Mientras tanto, la ola criminal y la producci\u00f3n de fentalino se extend\u00eda a lo largo y ancho del pa\u00eds.<\/p>\n\n\n\n<p>Lleg\u00f3 Claudia Sheinbaum, el 1 de octubre pasado, y no hizo ning\u00fan cambio a la pol\u00edtica de la seguridad; por el contrario, sigui\u00f3 ignorando la presencia de los grupos del crimen organizado pese al excesivo control que tienen del pa\u00eds.<\/p>\n\n\n\n<p>Ni siquiera se preocup\u00f3 por las advertencias que hizo Trump durante la campa\u00f1a pol\u00edtica. Todos creyeron que el aspirante a la silla presidencia por segunda vez estaba loco.<\/p>\n\n\n\n<p>\u00bfUNA PREOCUPACI\u00d3N?<\/p>\n\n\n\n<p>En cierto, el consumo de drogas en los Estados Unidos de Norteam\u00e9rica no es reciente; es creciente s\u00ed, pero hay una gran cantidad de personas que se droga y lo hacen varios pol\u00edticos de ese pa\u00eds.<\/p>\n\n\n\n<p>Nada m\u00e1s hay que recordar las acusaciones en contra de uno de los hijos de Trump (el J\u00fanior) o de Joe Biden (Hunter Biden, quien se drogaba hasta en la Casa Blanca).<\/p>\n\n\n\n<p>Es cierto tambi\u00e9n que con el surgimiento de las nuevas drogas sint\u00e9ticas, como el fentanilo, han crecido de manera exponencial los consumidores, pero no solamente en Estados Unidos, sino en muchas partes del mundo, incluso M\u00e9xico.<\/p>\n\n\n\n<p>Entonces, \u00bftiene raz\u00f3n Donald Trump de culpar a M\u00e9xico de la excesiva drogadicci\u00f3n en su pa\u00eds? Definitivamente no. Porque sean de nuestro pa\u00eds o de cualquier otro, los estupefacientes llegan a la naci\u00f3n norteamericana, por todos lados.&nbsp;<\/p>\n\n\n\n<p>Incluso hay capos del narcotr\u00e1fico estadounidenses de los que nadie habla ni nadie toca; m\u00e1s a\u00fan, en Estados Unidos se lavan cientos de miles de millones de d\u00f3lares producto del narcotr\u00e1fico.<\/p>\n\n\n\n<p>IN\u00c9DITA OBEDIENCIA<\/p>\n\n\n\n<p>Efectivamente, lo advirti\u00f3 en su campa\u00f1a pol\u00edtica y lo cumpli\u00f3 a partir del 20 de enero\u2026 mediante amenazas.&nbsp;<\/p>\n\n\n\n<p>Aranceles por aqu\u00ed y aranceles por all\u00e1; amagos de invadir M\u00e9xico con polic\u00edas y Ej\u00e9rcito para atrapar a los narcos; expulsi\u00f3n de migrantes\u2026 todo ello ha servido para que M\u00e9xico obedezca al pie de la letra las instrucciones trumpistas, so pena de sufrir represalias.<\/p>\n\n\n\n<p>Mejor dicho, afectaciones, justamente donde m\u00e1s duele al gobierno y a los mexicanos: la econom\u00eda.<\/p>\n\n\n\n<p>En respuesta, de manera in\u00e9dita y alarmante, primero vino la negativa del gobierno morenista de M\u00e9xico de que se declararan como terroristas a los l\u00edderes del crimen organizado, sin dar razones de peso.<\/p>\n\n\n\n<p>Pero fue declarativa, porque d\u00edas despu\u00e9s comenzaron los sobrevuelos de aeronaves y drones militares norteamericanos a nuestro pa\u00eds, lo que nuestro gobierno calific\u00f3 como infundios, pero luego tuvo que aceptar que dio permiso y es en el marco de la colaboraci\u00f3n mutua.<\/p>\n\n\n\n<p>Como Sheinbaum se resist\u00eda a combatir a los capos mexicanos, Trump tuvo que apretar las tuercas y amag\u00f3, de nuevo, ahora con incrementar el monto de los aranceles a nuestro pa\u00eds.<\/p>\n\n\n\n<p>Entonces s\u00ed, la respuesta fue inmediata y en un abrir y cerrar de ojos, entre confusiones declarativas del gobierno mexicano, se extraditaron v\u00eda \u201cfast track\u201d a 29 l\u00edderes del crimen organizado.<\/p>\n\n\n\n<p>El 27 de febrero comenz\u00f3 el traslado, con el uso de aviones, helic\u00f3pteros, fuerzas armadas y toda clase de polic\u00edas, hacia los Estados Unidos, donde los criminales ser\u00e1n procesados.<\/p>\n\n\n\n<p>EL RESULTADO<\/p>\n\n\n\n<p>De acuerdo con una nota informativa de la agencia Proceso, las secretar\u00edas de la Defensa Nacional (Defensa) y Marina Armada de M\u00e9xico (Semar) junto a la Guardia Nacional han asegurado en Sinaloa 198 laboratorios clandestinos para la elaboraci\u00f3n de drogas sint\u00e9ticas en operativos conjuntos, principalmente en la zona rural de los municipios de Culiac\u00e1n y Cosal\u00e1.&nbsp;<\/p>\n\n\n\n<p>Esta cifra corresponde al lapso entre el 18 de febrero al lunes 3 de marzo. Como dato comparativo, en el primer semestre del 2023, el Ej\u00e9rcito asegur\u00f3 en Sinaloa 359 laboratorios clandestinos en zonas serranas de Sinaloa.<\/p>\n\n\n\n<p>Hasta el 17 de diciembre de 2024, durante los primeros dos meses del gobierno de Claudia Sheinbaum, se hab\u00edan asegurado 69 laboratorios clandestinos en el pa\u00eds. Esta cifra aument\u00f3 un 165 por ciento tras las declaraciones de Trump, tan solo a trav\u00e9s de operativos realizados en Sinaloa.&nbsp;<\/p>\n\n\n\n<p>El primer resultado fue que Trump aplaz\u00f3, por otro mes, el incremento de aranceles a M\u00e9xico, pero seguir\u00e1 presionado para que nuestro pa\u00eds cumpla con sus caprichos<\/p>\n\n\n\n<p>Obvio que no son las formas de combatir las drogas, pues el presidente norteamericano deber\u00eda implementar pol\u00edticas m\u00e1s agresivas contra las adicciones, sobre todo de manera preventiva.<\/p>\n\n\n\n<p>Asimismo, dejar de alentar las guerras por todo el orbe, pues ademas de destrucci\u00f3n y muerte, deja miles de soldados colapsados emocionalmente y que terminan controlando su estr\u00e9s y locura con opioides, legales e ilegales.<\/p>\n\n\n\n<p>Probablemente Estados Unidos sea el primer pa\u00eds consumidor de drogas en el mundo. Y por supuesto que M\u00e9xico no es el culpable de ello.<\/p>\n\n\n\n<p>Pero, a pesar de ello, nuestro gobierno acept\u00f3 las presiones y las amenazas y se puso a trabajar.<\/p>\n\n\n\n<p>\u00bfLa inteligencia mexicana sabe d\u00f3nde se esconden los capos y los grupos delictivos? Claro que s\u00ed, y hay gobiernos o gobernantes que hasta conviven con ellos.<\/p>\n\n\n\n<p>\u00bfPor qu\u00e9 tuvo esperar a ser forzado para combatir al crimen organizado? La \u00fanica explicaci\u00f3n es que en ciertos c\u00edrculos de poder hay compromiso o acuerdos con la delincuencia.&nbsp;<\/p>\n\n\n\n<p>Por lo pronto, qu\u00e9 bueno que se combaten a los criminales; que malo que haya sido de manera obligada por los Estados Unidos.<\/p>\n","protected":false},"excerpt":{"rendered":"<p>Ismael Garc\u00eda M.\/Zona Roja. Oaxaca, Oax., a 10 de marzo de 2025.- Si el crimen&hellip;<\/p>\n","protected":false},"author":2,"featured_media":67764,"comment_status":"closed","ping_status":"open","sticky":false,"template":"","format":"standard","meta":{"_lmt_disableupdate":"","_lmt_disable":"","_jetpack_memberships_contains_paid_content":false,"footnotes":""},"categories":[456,109,48],"tags":[1353],"class_list":["post-78287","post","type-post","status-publish","format-standard","has-post-thumbnail","hentry","category-columna","category-minuto-a-minuto","category-zona-critica","tag-opinion-zona-critica"],"jetpack_featured_media_url":"https:\/\/zonaroja.com.mx\/wp-content\/uploads\/2024\/04\/Opinion-Zona-Roja-Ismael-Garcia.jpg","jetpack_sharing_enabled":true,"_links":{"self":[{"href":"https:\/\/zonaroja.com.mx\/index.php?rest_route=\/wp\/v2\/posts\/78287","targetHints":{"allow":["GET"]}}],"collection":[{"href":"https:\/\/zonaroja.com.mx\/index.php?rest_route=\/wp\/v2\/posts"}],"about":[{"href":"https:\/\/zonaroja.com.mx\/index.php?rest_route=\/wp\/v2\/types\/post"}],"author":[{"embeddable":true,"href":"https:\/\/zonaroja.com.mx\/index.php?rest_route=\/wp\/v2\/users\/2"}],"replies":[{"embeddable":true,"href":"https:\/\/zonaroja.com.mx\/index.php?rest_route=%2Fwp%2Fv2%2Fcomments&post=78287"}],"version-history":[{"count":2,"href":"https:\/\/zonaroja.com.mx\/index.php?rest_route=\/wp\/v2\/posts\/78287\/revisions"}],"predecessor-version":[{"id":78291,"href":"https:\/\/zonaroja.com.mx\/index.php?rest_route=\/wp\/v2\/posts\/78287\/revisions\/78291"}],"wp:featuredmedia":[{"embeddable":true,"href":"https:\/\/zonaroja.com.mx\/index.php?rest_route=\/wp\/v2\/media\/67764"}],"wp:attachment":[{"href":"https:\/\/zonaroja.com.mx\/index.php?rest_route=%2Fwp%2Fv2%2Fmedia&parent=78287"}],"wp:term":[{"taxonomy":"category","embeddable":true,"href":"https:\/\/zonaroja.com.mx\/index.php?rest_route=%2Fwp%2Fv2%2Fcategories&post=78287"},{"taxonomy":"post_tag","embeddable":true,"href":"https:\/\/zonaroja.com.mx\/index.php?rest_route=%2Fwp%2Fv2%2Ftags&post=78287"}],"curies":[{"name":"wp","href":"https:\/\/api.w.org\/{rel}","templated":true}]}}