{"id":78293,"date":"2025-03-10T11:50:46","date_gmt":"2025-03-10T17:50:46","guid":{"rendered":"https:\/\/zonaroja.com.mx\/?p=78293"},"modified":"2025-03-10T11:50:46","modified_gmt":"2025-03-10T17:50:46","slug":"identifican-a-ejecutados-en-la-ciudad-de-oaxaca-fueron-levantados-en-la-central-de-abasto","status":"publish","type":"post","link":"https:\/\/zonaroja.com.mx\/?p=78293","title":{"rendered":"Identifican a ejecutados en la ciudad de Oaxaca; fueron \u201clevantados\u201d en la Central de Abasto"},"content":{"rendered":"\n<p>Ismael Garc\u00eda M.\/Zona Roja.&nbsp;<\/p>\n\n\n\n<p>Oaxaca de Ju\u00e1rez, Oax., a 10 de marzo de 2025.- Como Marcelino Belleza V\u00e1squez, de 42 a\u00f1os de edad, y Gerardo Olivera Velasco, de 43 a\u00f1os, fueron identificadas las personas ejecutadas hoy en la ciudad de Oaxaca.&nbsp;<\/p>\n\n\n\n<p>Fueron presuntamente \u201clevantadas\u201d ayer en la Central de Abasto de la capital; las fichas fueron emitidas por la Unidad de B\u00fasqueda de Personas Desaparecidas y No Localizadas.&nbsp;<\/p>\n\n\n\n<p>\u201c La Fiscal\u00eda General del Estado de Oaxaca (FGEO) inici\u00f3 las investigaciones correspondientes luego de constatar el hallazgo de dos personas del sexo masculino sin vida, quienes fueron localizados debajo del puente Cuarto Centenario, en inmediaciones del r\u00edo \u201cAtoyac\u201d, en la ciudad de Oaxaca de Ju\u00e1rez.<\/p>\n\n\n\n<p>\u201cUn equipo multidisciplinario acudi\u00f3 al lugar para realizar las indagatorias iniciales y perfilar las l\u00edneas de investigaci\u00f3n en torno al caso, que qued\u00f3 a cargo de la Fiscal\u00eda Especializada para la Atenci\u00f3n a Delitos de Alto Impacto.<\/p>\n\n\n\n<p>\u201cEn tanto, los cuerpos fueron trasladados al Instituto de Servicios Periciales de la FGEO, para llevar a cabo los an\u00e1lisis y estudios cient\u00edficos que permitan saber la causa del fallecimiento, as\u00ed como la identificaci\u00f3n legal de las v\u00edctimas\u201d, destac\u00f3 la instituci\u00f3n en un comunicado.&nbsp;<\/p>\n","protected":false},"excerpt":{"rendered":"<p>Ismael Garc\u00eda M.\/Zona Roja.&nbsp; Oaxaca de Ju\u00e1rez, Oax., a 10 de marzo de 2025.- Como&hellip;<\/p>\n","protected":false},"author":2,"featured_media":78292,"comment_status":"closed","ping_status":"open","sticky":false,"template":"","format":"standard","meta":{"_lmt_disableupdate":"","_lmt_disable":"","_jetpack_memberships_contains_paid_content":false,"footnotes":""},"categories":[109,51],"tags":[],"class_list":["post-78293","post","type-post","status-publish","format-standard","has-post-thumbnail","hentry","category-minuto-a-minuto","category-zona-roja"],"jetpack_featured_media_url":"https:\/\/zonaroja.com.mx\/wp-content\/uploads\/2025\/03\/a10a6458-e077-4fc6-abbe-345b2c05e8eb-1.jpg","jetpack_sharing_enabled":true,"_links":{"self":[{"href":"https:\/\/zonaroja.com.mx\/index.php?rest_route=\/wp\/v2\/posts\/78293","targetHints":{"allow":["GET"]}}],"collection":[{"href":"https:\/\/zonaroja.com.mx\/index.php?rest_route=\/wp\/v2\/posts"}],"about":[{"href":"https:\/\/zonaroja.com.mx\/index.php?rest_route=\/wp\/v2\/types\/post"}],"author":[{"embeddable":true,"href":"https:\/\/zonaroja.com.mx\/index.php?rest_route=\/wp\/v2\/users\/2"}],"replies":[{"embeddable":true,"href":"https:\/\/zonaroja.com.mx\/index.php?rest_route=%2Fwp%2Fv2%2Fcomments&post=78293"}],"version-history":[{"count":1,"href":"https:\/\/zonaroja.com.mx\/index.php?rest_route=\/wp\/v2\/posts\/78293\/revisions"}],"predecessor-version":[{"id":78294,"href":"https:\/\/zonaroja.com.mx\/index.php?rest_route=\/wp\/v2\/posts\/78293\/revisions\/78294"}],"wp:featuredmedia":[{"embeddable":true,"href":"https:\/\/zonaroja.com.mx\/index.php?rest_route=\/wp\/v2\/media\/78292"}],"wp:attachment":[{"href":"https:\/\/zonaroja.com.mx\/index.php?rest_route=%2Fwp%2Fv2%2Fmedia&parent=78293"}],"wp:term":[{"taxonomy":"category","embeddable":true,"href":"https:\/\/zonaroja.com.mx\/index.php?rest_route=%2Fwp%2Fv2%2Fcategories&post=78293"},{"taxonomy":"post_tag","embeddable":true,"href":"https:\/\/zonaroja.com.mx\/index.php?rest_route=%2Fwp%2Fv2%2Ftags&post=78293"}],"curies":[{"name":"wp","href":"https:\/\/api.w.org\/{rel}","templated":true}]}}