{"id":78298,"date":"2025-03-10T18:04:26","date_gmt":"2025-03-11T00:04:26","guid":{"rendered":"https:\/\/zonaroja.com.mx\/?p=78298"},"modified":"2025-03-10T18:04:28","modified_gmt":"2025-03-11T00:04:28","slug":"dos-accidentes-fatales-dejan-en-oaxaca-14-personas-fallecidas","status":"publish","type":"post","link":"https:\/\/zonaroja.com.mx\/?p=78298","title":{"rendered":"Dos accidentes fatales dejan en Oaxaca 14 personas fallecidas"},"content":{"rendered":"\n<p>Ismael Garc\u00eda M.\/Zona Roja.<\/p>\n\n\n\n<p>Oaxaca de Ju\u00e1rez, Oax., a 10 de marzo de 2025.- Al menos 14 personas, tres de ellas menores de edad, perdieron la vida por dos accidentes ocurridos en carreteras de Oaxaca.<\/p>\n\n\n\n<p>El primer percance ocurri\u00f3 la ma\u00f1ana de hoy en la supercarretera Oaxaca-Istmo, a la altura del kil\u00f3metro 83+200, jurisdicci\u00f3n de la localidad de Santo Domingo Narro.<\/p>\n\n\n\n<p>En ese sitio un autob\u00fas de una l\u00ednea tur\u00edstica que transportaba a personas que hab\u00edan acudido a un mitin de Morena en la ciudad de M\u00e9xico y regresaban al Istmo, volc\u00f3 a un barranco, presuntamente por exceso de velocidad.<\/p>\n\n\n\n<p>En el sitio fallecieron 11 personas, entre ellas tres menores de edad, confirm\u00f3 la Coordinaci\u00f3n Estatal de Protecci\u00f3n Civil del gobierno estatal.<\/p>\n\n\n\n<p>Asimismo, dos personas m\u00e1s fueron trasladadas en c\u00f3digo rojo y 10 en c\u00f3digo amarillo para su atenci\u00f3n m\u00e9dica con destino a Juchit\u00e1n de Zaragoza.<\/p>\n\n\n\n<p>HACIA LA COSTA<\/p>\n\n\n\n<p>Mientras que esta tarde, en la supercarretera Oaxaca-Puerto Escondido, tramo Barranca Larga-Ventanilla, a la altura del kil\u00f3metro 71, una camioneta de pasajeros tipo Urvan choc\u00f3 con un cami\u00f3n de carga.&nbsp;<\/p>\n\n\n\n<p>Hasta el momento se tienen identificadas a cuatro personas pasajeras: Luis Mauricio S\u00e1nchez Castellanos (chofer); Ivonne Estrada Jim\u00e9nez; Gustavo L\u00f3pez Guzm\u00e1n y Jos\u00e9 Santiago \u00c1lvarez. De manera preliminar, se registraron 3 personas fallecidas, inform\u00f3 Protecci\u00f3n Civil.<\/p>\n\n\n\n<p>Elementos de Caminos y Puentes Federales (Capufe) se encuentran abanderando en el lugar, por lo que se pide a las y los automovilistas tomar sus precauciones y evitar transitar por la zona, pues fue cerrada temporalmente al tr\u00e1nsito.<\/p>\n\n\n\n<figure class=\"wp-block-embed\"><div class=\"wp-block-embed__wrapper\">\n<div class=\"twitter-tweet\"><blockquote class=\"twitter-tweet\" data-lang=\"es\"><p lang=\"es\" dir=\"ltr\">Reportan la volcadura de un autob\u00fas con al menos 40 pasajeros, en la nueva supercarretera Oaxaca-Istmo, jurisdicci\u00f3n de Santo Domingo Narr\u00f3; corporaciones de auxilio se encuentran en la zona. <a href=\"https:\/\/t.co\/Osi7CVojzE\">pic.twitter.com\/Osi7CVojzE<\/a><\/p>&mdash; Zona Roja Oaxaca (@ZonaRoja_Oaxaca) <a href=\"https:\/\/twitter.com\/ZonaRoja_Oaxaca\/status\/1899152615876829300?ref_src=twsrc%5Etfw\">10 de marzo de 2025<\/a><\/blockquote><\/div>\n<\/div><\/figure>\n","protected":false},"excerpt":{"rendered":"<p>Ismael Garc\u00eda M.\/Zona Roja. Oaxaca de Ju\u00e1rez, Oax., a 10 de marzo de 2025.- Al&hellip;<\/p>\n","protected":false},"author":2,"featured_media":78299,"comment_status":"closed","ping_status":"open","sticky":false,"template":"","format":"standard","meta":{"_lmt_disableupdate":"","_lmt_disable":"","_jetpack_memberships_contains_paid_content":false,"footnotes":""},"categories":[109,51],"tags":[3416],"class_list":["post-78298","post","type-post","status-publish","format-standard","has-post-thumbnail","hentry","category-minuto-a-minuto","category-zona-roja","tag-accidentes-carreteros-oaxaca"],"jetpack_featured_media_url":"https:\/\/zonaroja.com.mx\/wp-content\/uploads\/2025\/03\/Accidentes-carreteros-Oaxaca-.jpg","jetpack_sharing_enabled":true,"_links":{"self":[{"href":"https:\/\/zonaroja.com.mx\/index.php?rest_route=\/wp\/v2\/posts\/78298","targetHints":{"allow":["GET"]}}],"collection":[{"href":"https:\/\/zonaroja.com.mx\/index.php?rest_route=\/wp\/v2\/posts"}],"about":[{"href":"https:\/\/zonaroja.com.mx\/index.php?rest_route=\/wp\/v2\/types\/post"}],"author":[{"embeddable":true,"href":"https:\/\/zonaroja.com.mx\/index.php?rest_route=\/wp\/v2\/users\/2"}],"replies":[{"embeddable":true,"href":"https:\/\/zonaroja.com.mx\/index.php?rest_route=%2Fwp%2Fv2%2Fcomments&post=78298"}],"version-history":[{"count":1,"href":"https:\/\/zonaroja.com.mx\/index.php?rest_route=\/wp\/v2\/posts\/78298\/revisions"}],"predecessor-version":[{"id":78300,"href":"https:\/\/zonaroja.com.mx\/index.php?rest_route=\/wp\/v2\/posts\/78298\/revisions\/78300"}],"wp:featuredmedia":[{"embeddable":true,"href":"https:\/\/zonaroja.com.mx\/index.php?rest_route=\/wp\/v2\/media\/78299"}],"wp:attachment":[{"href":"https:\/\/zonaroja.com.mx\/index.php?rest_route=%2Fwp%2Fv2%2Fmedia&parent=78298"}],"wp:term":[{"taxonomy":"category","embeddable":true,"href":"https:\/\/zonaroja.com.mx\/index.php?rest_route=%2Fwp%2Fv2%2Fcategories&post=78298"},{"taxonomy":"post_tag","embeddable":true,"href":"https:\/\/zonaroja.com.mx\/index.php?rest_route=%2Fwp%2Fv2%2Ftags&post=78298"}],"curies":[{"name":"wp","href":"https:\/\/api.w.org\/{rel}","templated":true}]}}