{"id":78304,"date":"2025-03-10T22:06:09","date_gmt":"2025-03-11T04:06:09","guid":{"rendered":"https:\/\/zonaroja.com.mx\/?p=78304"},"modified":"2025-03-10T22:06:11","modified_gmt":"2025-03-11T04:06:11","slug":"violencia-electoral-en-oaxaca-de-juarez-incidente-aislado-dice-autoridad","status":"publish","type":"post","link":"https:\/\/zonaroja.com.mx\/?p=78304","title":{"rendered":"Violencia electoral en Oaxaca de Ju\u00e1rez, \u201cincidente aislado\u201d, dice autoridad"},"content":{"rendered":"\n<p>Raymundo Morales\/Zona Roja.<\/p>\n\n\n\n<p>Oaxaca de Ju\u00e1rez, Oax., 10 de marzo de 2025.- Como \u201cincidente aislado\u201d calific\u00f3 el ayuntamiento de Oaxaca de Ju\u00e1rez la violencia registrada la noche del domingo en la agencia Ejido Guadalupe Victoria, en que hubo robo y quema de urnas.<\/p>\n\n\n\n<p>Y es que cuando una candidata ven\u00eda perdida la elecci\u00f3n, un grupo de \u201cporros\u201d transportistas, presuntamente de la organizaci\u00f3n Confederaci\u00f3n Joven, arribaron al sitio de las votaciones, ahuyentaron a la gente, quemaron las urnas y se retiraron.<\/p>\n\n\n\n<p>Pero seg\u00fan la autoridad que preside el edil Raymundo Chagoya, \u201cen la agencia de polic\u00eda de Guadalupe Victoria, se registraron incidentes&nbsp; aislados que alteraron el proceso electoral, entre ellos la quema de urnas por parte de un grupo de personas.&nbsp;<\/p>\n\n\n\n<p>En un comunicado, inform\u00f3 que se dar\u00e1 un seguimiento riguroso a las denuncias presentadas, garantizando un proceso de revisi\u00f3n transparente y apegado a la legalidad, con el objetivo de velar por el correcto desarrollo de los procesos democr\u00e1ticos en la capital.<\/p>\n\n\n\n<p>LOS VILLASECA<\/p>\n\n\n\n<p>De acuerdo con los propios habitantes del Ejido Guadalupe Victoria, los \u201cporros\u201d transportistas fueron enviados por los hermanos Villaseca, dirigentes de Confederaci\u00f3n Joven, por \u00f3rdenes de No\u00e9 Jara Cruz, secretario municipal.<\/p>\n\n\n\n<p>En su denuncia p\u00fablica de anoche, detallaron que al ver que la candidata que pretend\u00eda imponer No\u00e9 Jara perd\u00eda la elecci\u00f3n, fue enviado un grupo de choque.<\/p>\n\n\n\n<p>Ello para intentar reventar la elecci\u00f3n y a la vez dar como ganadora a Claudia Fabiola Mart\u00ednez Mendoza; sin embargo, la mayor\u00eda defiende el triunfo leg\u00edtimo de del aspirante Wilfrido Bernardino Garc\u00eda.<\/p>\n\n\n\n<p>\u201cFueron plenamente identificados por la ciudadan\u00eda quienes se dieron cita al lugar y con lujo de violencia prendieron fuego a las urnas y aventaron gas lacrim\u00f3geno a los asistentes, provocando el p\u00e1nico en el lugar, en donde se encontraban ni\u00f1as, ni\u00f1os, mujeres y adultos mayores, quienes tuvieron que huir para ponerse a salvo\u201d, detallaron.<\/p>\n\n\n\n<p>Lamentaron asimismo que, pese a la presencia de la polic\u00eda municipal en la zona, no hicieron nada por detener a los maleantes, supuestamente por \u00f3rdenes de No\u00e9 Jara.&nbsp;<\/p>\n\n\n\n<p>Ayer domingo, y tras llamadas de atenci\u00f3n del Tribunal Electoral del Estado de Oaxcaca, se llev\u00f3 a cabo la jornada electoral para la elecci\u00f3n de agentes municipales y de polic\u00eda en Trinidad de Viguera, Donaj\u00ed, San Luis Beltr\u00e1n, Guadalupe Victoria y Montoya.<\/p>\n\n\n\n<figure class=\"wp-block-embed\"><div class=\"wp-block-embed__wrapper\">\n<div class=\"twitter-tweet\"><blockquote class=\"twitter-tweet\" data-lang=\"es\"><p lang=\"es\" dir=\"ltr\">In\u00e9dita violencia en el municipio de <a href=\"https:\/\/twitter.com\/hashtag\/Oaxaca?src=hash&amp;ref_src=twsrc%5Etfw\">#Oaxaca<\/a> de Ju\u00e1rez y ahora fue por la elecci\u00f3n de autoridades auxiliares en la agencia Ejido Guadalupe Victoria. <br>Grupos de choque de transportistas, presuntamente afines al <a href=\"https:\/\/twitter.com\/MunicipioOaxaca?ref_src=twsrc%5Etfw\">@MunicipioOaxaca<\/a>, llegaron anoche e incendiaron las urnas, al\u2026 <a href=\"https:\/\/t.co\/YANCGeUBfK\">pic.twitter.com\/YANCGeUBfK<\/a><\/p>&mdash; Zona Roja Oaxaca (@ZonaRoja_Oaxaca) <a href=\"https:\/\/twitter.com\/ZonaRoja_Oaxaca\/status\/1899084889187635584?ref_src=twsrc%5Etfw\">10 de marzo de 2025<\/a><\/blockquote><\/div>\n<\/div><\/figure>\n","protected":false},"excerpt":{"rendered":"<p>Raymundo Morales\/Zona Roja. Oaxaca de Ju\u00e1rez, Oax., 10 de marzo de 2025.- Como \u201cincidente aislado\u201d&hellip;<\/p>\n","protected":false},"author":2,"featured_media":78305,"comment_status":"closed","ping_status":"open","sticky":false,"template":"","format":"standard","meta":{"_lmt_disableupdate":"","_lmt_disable":"","_jetpack_memberships_contains_paid_content":false,"footnotes":""},"categories":[109,47],"tags":[148],"class_list":["post-78304","post","type-post","status-publish","format-standard","has-post-thumbnail","hentry","category-minuto-a-minuto","category-zona-gris","tag-oaxaca-de-juarez"],"jetpack_featured_media_url":"https:\/\/zonaroja.com.mx\/wp-content\/uploads\/2025\/03\/Elecciones-agencia-Guadalupe-Victoria-Oaxaca.jpg","jetpack_sharing_enabled":true,"_links":{"self":[{"href":"https:\/\/zonaroja.com.mx\/index.php?rest_route=\/wp\/v2\/posts\/78304","targetHints":{"allow":["GET"]}}],"collection":[{"href":"https:\/\/zonaroja.com.mx\/index.php?rest_route=\/wp\/v2\/posts"}],"about":[{"href":"https:\/\/zonaroja.com.mx\/index.php?rest_route=\/wp\/v2\/types\/post"}],"author":[{"embeddable":true,"href":"https:\/\/zonaroja.com.mx\/index.php?rest_route=\/wp\/v2\/users\/2"}],"replies":[{"embeddable":true,"href":"https:\/\/zonaroja.com.mx\/index.php?rest_route=%2Fwp%2Fv2%2Fcomments&post=78304"}],"version-history":[{"count":1,"href":"https:\/\/zonaroja.com.mx\/index.php?rest_route=\/wp\/v2\/posts\/78304\/revisions"}],"predecessor-version":[{"id":78306,"href":"https:\/\/zonaroja.com.mx\/index.php?rest_route=\/wp\/v2\/posts\/78304\/revisions\/78306"}],"wp:featuredmedia":[{"embeddable":true,"href":"https:\/\/zonaroja.com.mx\/index.php?rest_route=\/wp\/v2\/media\/78305"}],"wp:attachment":[{"href":"https:\/\/zonaroja.com.mx\/index.php?rest_route=%2Fwp%2Fv2%2Fmedia&parent=78304"}],"wp:term":[{"taxonomy":"category","embeddable":true,"href":"https:\/\/zonaroja.com.mx\/index.php?rest_route=%2Fwp%2Fv2%2Fcategories&post=78304"},{"taxonomy":"post_tag","embeddable":true,"href":"https:\/\/zonaroja.com.mx\/index.php?rest_route=%2Fwp%2Fv2%2Ftags&post=78304"}],"curies":[{"name":"wp","href":"https:\/\/api.w.org\/{rel}","templated":true}]}}