{"id":78307,"date":"2025-03-10T22:14:56","date_gmt":"2025-03-11T04:14:56","guid":{"rendered":"https:\/\/zonaroja.com.mx\/?p=78307"},"modified":"2025-03-10T22:14:58","modified_gmt":"2025-03-11T04:14:58","slug":"conmemora-congreso-bicentenario-de-la-expedicion-del-primer-reglamento","status":"publish","type":"post","link":"https:\/\/zonaroja.com.mx\/?p=78307","title":{"rendered":"Conmemora Congreso Bicentenario de la Expedici\u00f3n del Primer Reglamento"},"content":{"rendered":"\n<p>Redacci\u00f3n\/Zona Roja.<\/p>\n\n\n\n<p>Oaxaca de Ju\u00e1rez, Oax., a 10 de marzo de 2025.- La 66 Legislatura local realiz\u00f3 la sesi\u00f3n solemne para conmemorar el Bicentenario de la Expedici\u00f3n del Primer Reglamento del Honorable Congreso del Estado Libre y Soberano de Oaxaca denominado \u00abReglamento para el Gobierno Interior de las C\u00e1maras\u00bb.<\/p>\n\n\n\n<p>Esta disposici\u00f3n jur\u00eddica fue promulgada el 10 de marzo por el Congreso Constituyente del Estado que reviste una trascendencia hist\u00f3rica y cultural incomparable, porque sent\u00f3 las bases del funcionamiento legislativo en la entidad y tambi\u00e9n represent\u00f3 un avance significativo en la consolidaci\u00f3n de nuestras instituciones democr\u00e1ticas y el respaldo local hacia la Rep\u00fablica.<\/p>\n\n\n\n<p>En este contexto se efectu\u00f3 el Pase de Lista de los diputados integrantes del Poder Legislativo que aprobaron el referido ordenamiento en 1825, tal es el caso de Jos\u00e9 L\u00f3pez Ortigoza como Presidente; Pedro Jos\u00e9 de la Vega, Vicepresidente; Jos\u00e9 Manuel Ordo\u00f1o, Jos\u00e9 Mar\u00eda Hunda, Jos\u00e9 Esper\u00f3n, Manuel Mej\u00eda, Manuel S\u00e1enz de Enciso, Ignacio de Goytia, Manuel Francisco Dom\u00ednguez, Francisco Manei, Jos\u00e9 Mariano Gonz\u00e1lez, Juan Ferra y Joaqu\u00edn Guerrero.<\/p>\n\n\n\n<p>Durante su intervenci\u00f3n, la presidenta de la Mesa Directiva de la 66 Legislatura, diputada Antonia Natividad D\u00edaz Jim\u00e9nez sostuvo que este hecho hist\u00f3rico, marc\u00f3 el rumbo de la sociedad y naci\u00f3n, representa una oportunidad para recordar los procesos fundamentales que le han dado forma a nuestro sistema pol\u00edtico y social basados en la autoridad, legitimidad, legalidad y sus l\u00edmites.<\/p>\n\n\n\n<p>Este instrumento, agreg\u00f3, se elabor\u00f3 para legitimar el poder del Congreso con l\u00edmites claros, respetando los derechos de las y los ciudadanos \u201cfue un esfuerzo por encauzar la autoridad hacia el bienestar com\u00fan, buscando un equilibrio entre la legalidad y la justicia\u201d, dijo.<\/p>\n\n\n\n<p>Por su parte, el presidente de la Junta de Coordinaci\u00f3n Pol\u00edtica (Jucopo), diputado Benjam\u00edn Viveros Montalvo, destac\u00f3 que mediante este acto protocolario se honra el legado parlamentario y se le da reconocimiento a la relevancia del instrumento que sent\u00f3 los cimientos del sistema legislativo.<\/p>\n\n\n\n<p>\u201cLas y los diputados reafirmamos nuestro compromiso para contribuir en la construcci\u00f3n de un estado de derecho donde la gobernanza, la justicia y la igualdad sean pilares fundamentales. Por ello, reconocemos la importancia de legislar por un futuro mejor para Oaxaca, y as\u00ed, el Poder Legislativo, se siga consolidando como un poder representativo y popular\u201d, subray\u00f3.<\/p>\n\n\n\n<p>Al hacer uso de la palabra, el consejero Jur\u00eddico del Gobierno de Oaxaca, Geovany V\u00e1squez Sagrero, quien acudi\u00f3 en representaci\u00f3n del Gobernador Salom\u00f3n Jara Cruz, resalt\u00f3 la relevancia de rememorar esta fecha, pues luego de la aprobaci\u00f3n de la Carta Magna local fue necesario establecer un andamiaje en leyes secundarias que permitieran la vida ordinaria del estado, por ello, dijo, la importancia de conmemorar estos actos que han dado vida a las instituciones.<\/p>\n\n\n\n<p>Tambi\u00e9n puntualiz\u00f3, que luego de m\u00e1s de 800 reformas, Oaxaca tiene la oportunidad hist\u00f3rica de contar con una cuarta Constituci\u00f3n, la cual debe estar impulsada por la revoluci\u00f3n de ideas y de conciencias.<\/p>\n\n\n\n<p>Durante su intervenci\u00f3n, la presidenta del Tribunal Superior de Justicia (TSJ) del Estado, la magistrada Berenice Ram\u00edrez Jim\u00e9nez, refiri\u00f3 que esta normativa es el fruto de un profundo anhelo por construir un sistema de gobierno que fuera el reflejo de la voluntad popular, se priorizaran las voces de todos los ciudadanos y por ello sent\u00f3 las bases para un futuro de igualdad y progreso.<\/p>\n\n\n\n<p>Es de resaltar que esta sesi\u00f3n solemne constituye un acto de revaloraci\u00f3n y reconocimiento hacia los legisladores que nos legaron parte del patrimonio jur\u00eddico y que forjaron los cimientos del Poder Legislativo estatal, motivando a las y los ciudadanos a continuar trabajando en el perfeccionamiento del marco normativo y adaptando las leyes para conseguir una sociedad m\u00e1s libre, justa e igualitaria.<\/p>\n\n\n\n<p>Asistieron tambi\u00e9n las y los integrantes del Gabinete Legal del Poder Ejecutivo; as\u00ed como autoridades municipales, representantes de organismos aut\u00f3nomos, entre otros.<\/p>\n","protected":false},"excerpt":{"rendered":"<p>Redacci\u00f3n\/Zona Roja. Oaxaca de Ju\u00e1rez, Oax., a 10 de marzo de 2025.- La 66 Legislatura&hellip;<\/p>\n","protected":false},"author":2,"featured_media":78308,"comment_status":"closed","ping_status":"open","sticky":false,"template":"","format":"standard","meta":{"_lmt_disableupdate":"","_lmt_disable":"","_jetpack_memberships_contains_paid_content":false,"footnotes":""},"categories":[109,46],"tags":[303],"class_list":["post-78307","post","type-post","status-publish","format-standard","has-post-thumbnail","hentry","category-minuto-a-minuto","category-zona-blanca","tag-congreso-del-estado-de-oaxaca"],"jetpack_featured_media_url":"https:\/\/zonaroja.com.mx\/wp-content\/uploads\/2025\/03\/Sesion-Solemne_10-03-25-1.jpeg","jetpack_sharing_enabled":true,"_links":{"self":[{"href":"https:\/\/zonaroja.com.mx\/index.php?rest_route=\/wp\/v2\/posts\/78307","targetHints":{"allow":["GET"]}}],"collection":[{"href":"https:\/\/zonaroja.com.mx\/index.php?rest_route=\/wp\/v2\/posts"}],"about":[{"href":"https:\/\/zonaroja.com.mx\/index.php?rest_route=\/wp\/v2\/types\/post"}],"author":[{"embeddable":true,"href":"https:\/\/zonaroja.com.mx\/index.php?rest_route=\/wp\/v2\/users\/2"}],"replies":[{"embeddable":true,"href":"https:\/\/zonaroja.com.mx\/index.php?rest_route=%2Fwp%2Fv2%2Fcomments&post=78307"}],"version-history":[{"count":1,"href":"https:\/\/zonaroja.com.mx\/index.php?rest_route=\/wp\/v2\/posts\/78307\/revisions"}],"predecessor-version":[{"id":78309,"href":"https:\/\/zonaroja.com.mx\/index.php?rest_route=\/wp\/v2\/posts\/78307\/revisions\/78309"}],"wp:featuredmedia":[{"embeddable":true,"href":"https:\/\/zonaroja.com.mx\/index.php?rest_route=\/wp\/v2\/media\/78308"}],"wp:attachment":[{"href":"https:\/\/zonaroja.com.mx\/index.php?rest_route=%2Fwp%2Fv2%2Fmedia&parent=78307"}],"wp:term":[{"taxonomy":"category","embeddable":true,"href":"https:\/\/zonaroja.com.mx\/index.php?rest_route=%2Fwp%2Fv2%2Fcategories&post=78307"},{"taxonomy":"post_tag","embeddable":true,"href":"https:\/\/zonaroja.com.mx\/index.php?rest_route=%2Fwp%2Fv2%2Ftags&post=78307"}],"curies":[{"name":"wp","href":"https:\/\/api.w.org\/{rel}","templated":true}]}}