{"id":7831,"date":"2020-01-19T18:55:29","date_gmt":"2020-01-20T00:55:29","guid":{"rendered":"http:\/\/www.zonaroja.com.mx\/?p=7831"},"modified":"2020-01-19T18:59:07","modified_gmt":"2020-01-20T00:59:07","slug":"cumple-7-horas-de-retencion-el-edil-de-ayotzintepec-lo-acusan-de-fraude","status":"publish","type":"post","link":"https:\/\/zonaroja.com.mx\/?p=7831","title":{"rendered":"Cumple 7 horas de retenci\u00f3n el edil de Ayotzintepec; lo acusan de fraude"},"content":{"rendered":"\n<p>Redacci\u00f3n\/ZonaRoja.<\/p>\n\n\n\n<p>Oaxaca de Ju\u00e1rez, Oax., 19 de enero de 2020.- El presidente municipal de Ayotzintepec, V\u00edctor Mendoza Velasco, cumple siete horas de retenci\u00f3n en la c\u00e1rcel local, acusado de corrupci\u00f3n y desv\u00edo de recursos, as\u00ed como agresi\u00f3n armada a una persona.<\/p>\n\n\n\n<p>Alrededor del mediod\u00eda, cientos de\npobladores capturaron al edil, a quien de inmediato pusieron tras las rejas e\nimpiden que sea rescatado por los polic\u00edas municipales y estatales.<\/p>\n\n\n\n<p>MendozaVelasco es acusado de desv\u00edo de\nrecursos, al no dar cuenta de los m\u00e1s 18millones de pesos que recibe anualmente\ny el cual no se ha reflejado en ninguna obra p\u00fablica. <\/p>\n\n\n\n<p>Asimismo, lo acusan de golpear y\nlesionar de bala el pasado 10 de octubre a un individuo, identificado como\nNicol\u00e1s Vargas, por presuntas rencillas personales. <\/p>\n\n\n\n<p>Hasta el momento la Polic\u00eda Estatal no\nha podido intervenir para liberar al presidente municipal y la situaci\u00f3n se\nmantiene tensa en esa poblaci\u00f3n de la regi\u00f3n de la Cuenca del Papaloapan.&nbsp;&nbsp;<\/p>\n","protected":false},"excerpt":{"rendered":"<p>Redacci\u00f3n\/ZonaRoja. Oaxaca de Ju\u00e1rez, Oax., 19 de enero de 2020.- El presidente municipal de Ayotzintepec,&hellip;<\/p>\n","protected":false},"author":2,"featured_media":7832,"comment_status":"closed","ping_status":"open","sticky":false,"template":"","format":"standard","meta":{"_lmt_disableupdate":"","_lmt_disable":"","_jetpack_memberships_contains_paid_content":false,"footnotes":""},"categories":[109,51],"tags":[1301],"class_list":["post-7831","post","type-post","status-publish","format-standard","has-post-thumbnail","hentry","category-minuto-a-minuto","category-zona-roja","tag-ayotzintepec"],"jetpack_featured_media_url":"https:\/\/zonaroja.com.mx\/wp-content\/uploads\/2020\/01\/Edil-Ayotzintepec.jpg","jetpack_sharing_enabled":true,"_links":{"self":[{"href":"https:\/\/zonaroja.com.mx\/index.php?rest_route=\/wp\/v2\/posts\/7831","targetHints":{"allow":["GET"]}}],"collection":[{"href":"https:\/\/zonaroja.com.mx\/index.php?rest_route=\/wp\/v2\/posts"}],"about":[{"href":"https:\/\/zonaroja.com.mx\/index.php?rest_route=\/wp\/v2\/types\/post"}],"author":[{"embeddable":true,"href":"https:\/\/zonaroja.com.mx\/index.php?rest_route=\/wp\/v2\/users\/2"}],"replies":[{"embeddable":true,"href":"https:\/\/zonaroja.com.mx\/index.php?rest_route=%2Fwp%2Fv2%2Fcomments&post=7831"}],"version-history":[{"count":2,"href":"https:\/\/zonaroja.com.mx\/index.php?rest_route=\/wp\/v2\/posts\/7831\/revisions"}],"predecessor-version":[{"id":7834,"href":"https:\/\/zonaroja.com.mx\/index.php?rest_route=\/wp\/v2\/posts\/7831\/revisions\/7834"}],"wp:featuredmedia":[{"embeddable":true,"href":"https:\/\/zonaroja.com.mx\/index.php?rest_route=\/wp\/v2\/media\/7832"}],"wp:attachment":[{"href":"https:\/\/zonaroja.com.mx\/index.php?rest_route=%2Fwp%2Fv2%2Fmedia&parent=7831"}],"wp:term":[{"taxonomy":"category","embeddable":true,"href":"https:\/\/zonaroja.com.mx\/index.php?rest_route=%2Fwp%2Fv2%2Fcategories&post=7831"},{"taxonomy":"post_tag","embeddable":true,"href":"https:\/\/zonaroja.com.mx\/index.php?rest_route=%2Fwp%2Fv2%2Ftags&post=7831"}],"curies":[{"name":"wp","href":"https:\/\/api.w.org\/{rel}","templated":true}]}}