{"id":78313,"date":"2025-03-11T08:15:00","date_gmt":"2025-03-11T14:15:00","guid":{"rendered":"https:\/\/zonaroja.com.mx\/?p=78313"},"modified":"2025-03-11T06:56:37","modified_gmt":"2025-03-11T12:56:37","slug":"tres-accidentes-dejan-23-muertos-en-oaxaca-20-en-el-istmo","status":"publish","type":"post","link":"https:\/\/zonaroja.com.mx\/?p=78313","title":{"rendered":"Tres accidentes dejan 23 muertos en Oaxaca; 20 en el Istmo"},"content":{"rendered":"\n<p>Ismael Garc\u00eda M.\/Zona Roja.<\/p>\n\n\n\n<p>Oaxaca de Ju\u00e1rez, Oax., a 11 de marzo de 2025.- Al menos 23 personas perdieron la vida en el estado de Oaxaca a causa de tres accidentes vehiculares, 20 de las cuales ocurrieron en la supercarretera al Istmo.<\/p>\n\n\n\n<p>Anoche, en esta \u00faltima v\u00eda r\u00e1pida se suscit\u00f3 un percance entre dos unidades de motor, con saldo preliminar de una persona fallecida y varias m\u00e1s lesionadas.<\/p>\n\n\n\n<p>Por la ma\u00f1ana, en esta v\u00eda r\u00e1pida al Istmo de Tehuantepec, se volc\u00f3 un cami\u00f3n de pasajeros de una l\u00ednea tur\u00edstica, a la altura del kil\u00f3metro 83 en jurisdicci\u00f3n de Santo Domingo Narro, con saldo hasta ahora de 19 personas fallecidas, en su mayor\u00eda originarias del municipio de Juchit\u00e1n de Zaragoza.<\/p>\n\n\n\n<p>Los m\u00e1s de 40 ocupantes del autob\u00fas hab\u00edan acudido al mitin de la Presidenta Claudia Sheinbaum, el pasado domingo, en el z\u00f3calo de la ciudad de Oaxaca, y regresaban a sus domicilios.<\/p>\n\n\n\n<p>Tanto el gobernador Salom\u00f3n Jara Cruz como dem\u00e1s autoridades han expresado sus condolencias por esta tragedia y han asegurado que brindar\u00e1n los apoyos que sean necesarios a los familiares de las v\u00edctimas.<\/p>\n\n\n\n<p>En el percance muri\u00f3 tambi\u00e9n el chofer, identificado como Luis Mauricio S. C., y hasta el momento se desconocen las causas que provocaron que la unidad de motor cayera a un barranco.<\/p>\n\n\n\n<p>Por la tarde se suscit\u00f3 otro choque en la supercarretera Oaxaca-Costa, tramo Barranca Larga-Ventanilla, a la altura del kil\u00f3metro 71, entre una camioneta marca Jac y otra Ford modelo Territory en color negro.<\/p>\n\n\n\n<p>El sando fatal fue de tres personas fallecidas de la \u00faltima unidad de motor, con placas del estado de Veracruz.<\/p>\n\n\n\n<p>Por otra parte, otro accidente ocurri\u00f3 anoche en la supercarretera Oaxaca-Cuacnopalan, a la altura del kil\u00f3metro 52, en jurisdicci\u00f3n del estado de Pu\u00e9blalo, con saldo preliminar de dos personas fallecidas.<\/p>\n","protected":false},"excerpt":{"rendered":"<p>Ismael Garc\u00eda M.\/Zona Roja. Oaxaca de Ju\u00e1rez, Oax., a 11 de marzo de 2025.- Al&hellip;<\/p>\n","protected":false},"author":2,"featured_media":78314,"comment_status":"closed","ping_status":"open","sticky":false,"template":"","format":"standard","meta":{"_lmt_disableupdate":"","_lmt_disable":"","_jetpack_memberships_contains_paid_content":false,"footnotes":""},"categories":[109,47],"tags":[3416],"class_list":["post-78313","post","type-post","status-publish","format-standard","has-post-thumbnail","hentry","category-minuto-a-minuto","category-zona-gris","tag-accidentes-carreteros-oaxaca"],"jetpack_featured_media_url":"https:\/\/zonaroja.com.mx\/wp-content\/uploads\/2025\/03\/Accidente-supercarretera-Oaxaca-Costa.jpeg","jetpack_sharing_enabled":true,"_links":{"self":[{"href":"https:\/\/zonaroja.com.mx\/index.php?rest_route=\/wp\/v2\/posts\/78313","targetHints":{"allow":["GET"]}}],"collection":[{"href":"https:\/\/zonaroja.com.mx\/index.php?rest_route=\/wp\/v2\/posts"}],"about":[{"href":"https:\/\/zonaroja.com.mx\/index.php?rest_route=\/wp\/v2\/types\/post"}],"author":[{"embeddable":true,"href":"https:\/\/zonaroja.com.mx\/index.php?rest_route=\/wp\/v2\/users\/2"}],"replies":[{"embeddable":true,"href":"https:\/\/zonaroja.com.mx\/index.php?rest_route=%2Fwp%2Fv2%2Fcomments&post=78313"}],"version-history":[{"count":1,"href":"https:\/\/zonaroja.com.mx\/index.php?rest_route=\/wp\/v2\/posts\/78313\/revisions"}],"predecessor-version":[{"id":78315,"href":"https:\/\/zonaroja.com.mx\/index.php?rest_route=\/wp\/v2\/posts\/78313\/revisions\/78315"}],"wp:featuredmedia":[{"embeddable":true,"href":"https:\/\/zonaroja.com.mx\/index.php?rest_route=\/wp\/v2\/media\/78314"}],"wp:attachment":[{"href":"https:\/\/zonaroja.com.mx\/index.php?rest_route=%2Fwp%2Fv2%2Fmedia&parent=78313"}],"wp:term":[{"taxonomy":"category","embeddable":true,"href":"https:\/\/zonaroja.com.mx\/index.php?rest_route=%2Fwp%2Fv2%2Fcategories&post=78313"},{"taxonomy":"post_tag","embeddable":true,"href":"https:\/\/zonaroja.com.mx\/index.php?rest_route=%2Fwp%2Fv2%2Ftags&post=78313"}],"curies":[{"name":"wp","href":"https:\/\/api.w.org\/{rel}","templated":true}]}}