{"id":78325,"date":"2025-03-11T12:10:00","date_gmt":"2025-03-11T18:10:00","guid":{"rendered":"https:\/\/zonaroja.com.mx\/?p=78325"},"modified":"2025-03-11T07:12:45","modified_gmt":"2025-03-11T13:12:45","slug":"terrible-hallan-a-otro-bebe-tirado-en-la-basura-en-el-edomex","status":"publish","type":"post","link":"https:\/\/zonaroja.com.mx\/?p=78325","title":{"rendered":"Terrible: hallan a otro beb\u00e9 tirado en la basura, en el Edomex"},"content":{"rendered":"\n<p>Redacci\u00f3n\/Zona Roja Cdmx.<\/p>\n\n\n\n<p>Ciudad de M\u00e9xico, a 11 de marzo de 2025.- Una beb\u00e9 de aproximadamente ocho meses fue localizada sin vida dentro de una caja de cart\u00f3n y basura en el municipio de Ozumba, en la regi\u00f3n de los volcanes en el Estado de M\u00e9xico.<\/p>\n\n\n\n<p>Fueron habitantes de la zona quienes se percataron de que la beb\u00e9 se encontraba en una zona bald\u00eda a un costado de la carretera M\u00e9xico-Cuautla y dieron aviso a las autoridades.<\/p>\n\n\n\n<p>Al lugar arribaron elementos de la Polic\u00eda Municipal de Ozumba y de la Secretar\u00eda de Seguridad de la entidad, quienes resguardaron la zona y confirmaron que se trataba de una reci\u00e9n nacida de aproximadamente 8 o 9 meses de gestaci\u00f3n.<\/p>\n\n\n\n<p>La beb\u00e9 estaba envuelta en pl\u00e1sticos, desnuda y dentro de la caja donde tambi\u00e9n hab\u00eda una botella de tequila y una de refresco.<\/p>\n\n\n\n<p>En la zona del hallazgo fue localizado un hombre dentro de una camioneta quien fue detenido por elementos de la secretar\u00eda de seguridad mexiquense.<\/p>\n\n\n\n<p>La persona de identidad resguardada fue trasladada al Ministerio P\u00fablico donde se inici\u00f3 una carpeta de investigaci\u00f3n para determinar si est\u00e1 ligado o no con el abandono de la menor.<\/p>\n\n\n\n<p>M\u00e1s tarde acudieron peritos de la Fiscal\u00eda General de Justicia del Estado de M\u00e9xico (FGJEM) quienes iniciaron las investigaciones correspondientes y realizaron el levantamiento del cuerpo que ser\u00e1 trasladado al anfiteatro para determinar las causas de la muerte y esclarecer el hecho.<\/p>\n\n\n\n<p>(Informaci\u00f3n de Naci\u00f3n 321)<\/p>\n","protected":false},"excerpt":{"rendered":"<p>Redacci\u00f3n\/Zona Roja Cdmx. Ciudad de M\u00e9xico, a 11 de marzo de 2025.- Una beb\u00e9 de&hellip;<\/p>\n","protected":false},"author":2,"featured_media":77867,"comment_status":"closed","ping_status":"open","sticky":false,"template":"","format":"standard","meta":{"_lmt_disableupdate":"","_lmt_disable":"","_jetpack_memberships_contains_paid_content":false,"footnotes":""},"categories":[109,47],"tags":[1200],"class_list":["post-78325","post","type-post","status-publish","format-standard","has-post-thumbnail","hentry","category-minuto-a-minuto","category-zona-gris","tag-estado-de-mexico"],"jetpack_featured_media_url":"https:\/\/zonaroja.com.mx\/wp-content\/uploads\/2025\/02\/Bebe-asesinado.jpeg","jetpack_sharing_enabled":true,"_links":{"self":[{"href":"https:\/\/zonaroja.com.mx\/index.php?rest_route=\/wp\/v2\/posts\/78325","targetHints":{"allow":["GET"]}}],"collection":[{"href":"https:\/\/zonaroja.com.mx\/index.php?rest_route=\/wp\/v2\/posts"}],"about":[{"href":"https:\/\/zonaroja.com.mx\/index.php?rest_route=\/wp\/v2\/types\/post"}],"author":[{"embeddable":true,"href":"https:\/\/zonaroja.com.mx\/index.php?rest_route=\/wp\/v2\/users\/2"}],"replies":[{"embeddable":true,"href":"https:\/\/zonaroja.com.mx\/index.php?rest_route=%2Fwp%2Fv2%2Fcomments&post=78325"}],"version-history":[{"count":1,"href":"https:\/\/zonaroja.com.mx\/index.php?rest_route=\/wp\/v2\/posts\/78325\/revisions"}],"predecessor-version":[{"id":78326,"href":"https:\/\/zonaroja.com.mx\/index.php?rest_route=\/wp\/v2\/posts\/78325\/revisions\/78326"}],"wp:featuredmedia":[{"embeddable":true,"href":"https:\/\/zonaroja.com.mx\/index.php?rest_route=\/wp\/v2\/media\/77867"}],"wp:attachment":[{"href":"https:\/\/zonaroja.com.mx\/index.php?rest_route=%2Fwp%2Fv2%2Fmedia&parent=78325"}],"wp:term":[{"taxonomy":"category","embeddable":true,"href":"https:\/\/zonaroja.com.mx\/index.php?rest_route=%2Fwp%2Fv2%2Fcategories&post=78325"},{"taxonomy":"post_tag","embeddable":true,"href":"https:\/\/zonaroja.com.mx\/index.php?rest_route=%2Fwp%2Fv2%2Ftags&post=78325"}],"curies":[{"name":"wp","href":"https:\/\/api.w.org\/{rel}","templated":true}]}}