{"id":78327,"date":"2025-03-11T13:12:00","date_gmt":"2025-03-11T19:12:00","guid":{"rendered":"https:\/\/zonaroja.com.mx\/?p=78327"},"modified":"2025-03-11T07:24:25","modified_gmt":"2025-03-11T13:24:25","slug":"opinion-una-nueva-comedia-politica","status":"publish","type":"post","link":"https:\/\/zonaroja.com.mx\/?p=78327","title":{"rendered":"Opini\u00f3n. Una nueva comedia pol\u00edtica"},"content":{"rendered":"\n<p>Isidoro Yescas*&nbsp;<\/p>\n\n\n\n<p>La ruta que sigue el gobierno del estado de Oaxaca para reformar la Constituci\u00f3n Pol\u00edtica de Oaxaca es muy similar a la que sigui\u00f3 con la&nbsp;aprobaci\u00f3n de la Ley para Prevenir, Atender y Reparar Integralmente&nbsp;el Desplazamiento Forzado Interno en Oaxaca\u201d:&nbsp;simular consultas con todos los sectores sociales, pueblos ind\u00edgenas, acad\u00e9micos, etc. para luego turnar su proyecto, ya como iniciativa de ley, a la LXVI Legislatura local en donde, sin quitarle una coma ni agregar un acento, se aprueba por unanimidad.&nbsp;<\/p>\n\n\n\n<p>El primer acto de la nueva comedia pol\u00edtica de la Primavera Oaxaque\u00f1a ya est\u00e1 en proceso en algunas instituciones de educaci\u00f3n superior privadas y p\u00fablicas&nbsp;(incluyendo la UABJO) y en las regiones de la entidad con la realizaci\u00f3n de foros&nbsp;tem\u00e1ticos y regionales.&nbsp;<\/p>\n\n\n\n<p>De acuerdo a la rese\u00f1a que sobre estos foros ha escrito el colega Porfirio Flores, todo apunta que la reforma&nbsp;jarista&nbsp;se concentrar\u00e1 en&nbsp;alinear y\/o&nbsp;actualizar la Constituci\u00f3n local con todo lo relacionado&nbsp;a&nbsp;la interculturalidad y&nbsp;al cuidado y preservaci\u00f3n del patrimonio cultural,&nbsp;ya vigente en la Carta Magna federal,&nbsp;dejando en un segundo plano, o tal vez &nbsp;ignorando,&nbsp;temas estrat\u00e9gicos&nbsp;locales&nbsp;como los mecanismos de participaci\u00f3n ciudadana (refer\u00e9ndum, plebiscito y revocaci\u00f3n de mandato), la seguridad p\u00fablica, el combate a la&nbsp;corrupci\u00f3n, etc.&nbsp;(\u201cAs\u00ed son los foros para reformar la Constituci\u00f3n de Oaxaca\u201d, en el muro de&nbsp;faceboock&nbsp;de Paola Flores, marzo 6 del 2025).<\/p>\n\n\n\n<p>Como ya es&nbsp;del conocimiento p\u00fablico,&nbsp;el pr\u00f3ximo 21 de marzo el Gobernador del Estado tiene previsto dar a conocer el contenido de su&nbsp;proyecto&nbsp;en&nbsp;Guelatao, o en donde &nbsp;no se haga visible para el magisterio de la secci\u00f3n 22 del SNTE,&nbsp;&nbsp;que en esa fecha estar\u00e1 movilizado.<\/p>\n\n\n\n<p>Entonces podr\u00eda ocurrir lo que se narr\u00f3 en un bolet\u00edn oficial en el mes de diciembre del 2024&nbsp;a prop\u00f3sito&nbsp;de &nbsp;la&nbsp;ley contra el desplazamiento forzado. Al&nbsp;hacer entrega de la iniciativa al Congreso local, la Coordinadora para la Atenci\u00f3n de los Derechos Humanos del Gobierno del Estado, Flor Estela Morales, presumi\u00f3 que dicha iniciativa de ley era \u201c\u00fanica en todo el pa\u00eds\u201d&nbsp;(sic)&nbsp;al tomarse en cuenta \u201cla cosmovisi\u00f3n de las comunidades ind\u00edgenas y&nbsp;afromexicanas\u201d (Diciembre 9 del 2024).<\/p>\n\n\n\n<p>Lo curioso del caso es que ni hubo consulta previa e informada con los pueblos ind\u00edgenas del estado de&nbsp;Oaxaca,&nbsp;ni tampoco los diputados y diputadas de la LXVI conocieron de su contenido antes de alzar incondicionalmente la mano.&nbsp;<\/p>\n\n\n\n<p>Para el caso de la iniciativa de las reformas constitucionales,&nbsp;lo ya visto con&nbsp;la&nbsp;aprobaci\u00f3n de la Ley para Prevenir, Atender y Reparar Integralmente el&nbsp;Desplazamiento Forzado Interno&nbsp;se estar\u00eda repitiendo&nbsp;con algunos cambios de actores y escenograf\u00eda:&nbsp;en un segundo acto,&nbsp;el presidente de la&nbsp;Junta de Coordinaci\u00f3n Pol\u00edtica&nbsp;recibir\u00e1 la iniciativa, se cuidar\u00e1 entonces de que el documento &nbsp;no circule para su conocimiento y estudio entre&nbsp;los &nbsp;diputados y diputadas&nbsp;de&nbsp;Morena,&nbsp;ni mucho menos entre&nbsp;sus aliados y legisladores de la oposici\u00f3n leal,&nbsp;sino&nbsp;hasta el d\u00eda que se someta a su aprobaci\u00f3n,&nbsp;que con toda seguridad ser\u00e1 por unanimidad y sin observaciones de fondo a su contenido.&nbsp;<\/p>\n\n\n\n<p>El \u00faltimo acto de esta comedia pol\u00edtica primaveral ser\u00e1 la presentaci\u00f3n ante la clase pol\u00edtica&nbsp;cuatrote\u00edsta, presidentes municipales y representaciones indigenistas&nbsp;nacionales&nbsp;e&nbsp;internacionales&nbsp;de la \u201cnueva constituci\u00f3n\u201d. Y entonces se gritar\u00e1 a los cuatro vientos que las reformas que oxigenar\u00e1n&nbsp;y robustecer\u00e1n&nbsp;la carta magna oaxaque\u00f1a fueron producto de unaamplia consulta ciudadana.<\/p>\n\n\n\n<p>Ser\u00e1&nbsp;tambi\u00e9n el momento&nbsp;para presumir&nbsp;las reformas&nbsp;jaristas&nbsp;como un \u201clogro hist\u00f3rico\u201d, solo comparado con lo que en su momento se llevaron a cabo para redactar la primera Constituci\u00f3n de 1825.&nbsp;Y, por supuesto, como un paso trascendental del gobierno de Oaxaca para \u201ccontinuar con el segundo piso de la Cuarta Transformaci\u00f3n,&nbsp;aunque en los hechos todo sea, por un lado, simulaci\u00f3n y, por el otro&nbsp;represi\u00f3n: uso&nbsp;de la fuerza p\u00fablica, fuera de todo protocolo,&nbsp;para dispersar&nbsp;protestas antigubernamentales como ocurri\u00f3 el 8 de marzo con la agresi\u00f3n, a base de gases lacrim\u00f3genos, en contra de mujeres feministas y&nbsp;ni\u00f1as &nbsp;que&nbsp;se manifestaron frente al Palacio de Gobierno.<\/p>\n\n\n\n<p>*Maestro en Sociolog\u00eda.<\/p>\n\n\n\n<p>X: @YescasIsidoro<\/p>\n\n\n\n<p>Faceboock:&nbsp;IsidoroYescas&nbsp;<\/p>\n","protected":false},"excerpt":{"rendered":"<p>Isidoro Yescas*&nbsp; La ruta que sigue el gobierno del estado de Oaxaca para reformar la&hellip;<\/p>\n","protected":false},"author":2,"featured_media":78328,"comment_status":"closed","ping_status":"open","sticky":false,"template":"","format":"standard","meta":{"_lmt_disableupdate":"","_lmt_disable":"","_jetpack_memberships_contains_paid_content":false,"footnotes":""},"categories":[456,109],"tags":[3998],"class_list":["post-78327","post","type-post","status-publish","format-standard","has-post-thumbnail","hentry","category-columna","category-minuto-a-minuto","tag-isidoro-yescas-martinez"],"jetpack_featured_media_url":"https:\/\/zonaroja.com.mx\/wp-content\/uploads\/2025\/03\/Isidoro-Yescas-Martinez.jpg","jetpack_sharing_enabled":true,"_links":{"self":[{"href":"https:\/\/zonaroja.com.mx\/index.php?rest_route=\/wp\/v2\/posts\/78327","targetHints":{"allow":["GET"]}}],"collection":[{"href":"https:\/\/zonaroja.com.mx\/index.php?rest_route=\/wp\/v2\/posts"}],"about":[{"href":"https:\/\/zonaroja.com.mx\/index.php?rest_route=\/wp\/v2\/types\/post"}],"author":[{"embeddable":true,"href":"https:\/\/zonaroja.com.mx\/index.php?rest_route=\/wp\/v2\/users\/2"}],"replies":[{"embeddable":true,"href":"https:\/\/zonaroja.com.mx\/index.php?rest_route=%2Fwp%2Fv2%2Fcomments&post=78327"}],"version-history":[{"count":1,"href":"https:\/\/zonaroja.com.mx\/index.php?rest_route=\/wp\/v2\/posts\/78327\/revisions"}],"predecessor-version":[{"id":78329,"href":"https:\/\/zonaroja.com.mx\/index.php?rest_route=\/wp\/v2\/posts\/78327\/revisions\/78329"}],"wp:featuredmedia":[{"embeddable":true,"href":"https:\/\/zonaroja.com.mx\/index.php?rest_route=\/wp\/v2\/media\/78328"}],"wp:attachment":[{"href":"https:\/\/zonaroja.com.mx\/index.php?rest_route=%2Fwp%2Fv2%2Fmedia&parent=78327"}],"wp:term":[{"taxonomy":"category","embeddable":true,"href":"https:\/\/zonaroja.com.mx\/index.php?rest_route=%2Fwp%2Fv2%2Fcategories&post=78327"},{"taxonomy":"post_tag","embeddable":true,"href":"https:\/\/zonaroja.com.mx\/index.php?rest_route=%2Fwp%2Fv2%2Ftags&post=78327"}],"curies":[{"name":"wp","href":"https:\/\/api.w.org\/{rel}","templated":true}]}}