{"id":78330,"date":"2025-03-11T13:26:00","date_gmt":"2025-03-11T19:26:00","guid":{"rendered":"https:\/\/zonaroja.com.mx\/?p=78330"},"modified":"2025-03-11T07:27:36","modified_gmt":"2025-03-11T13:27:36","slug":"crece-violencia-25-en-mexico-de-cara-a-eleccion-judicial","status":"publish","type":"post","link":"https:\/\/zonaroja.com.mx\/?p=78330","title":{"rendered":"Crece violencia 25% en M\u00e9xico, de cara a elecci\u00f3n judicial"},"content":{"rendered":"\n<p>Ciudad de M\u00e9xico, a 11 de marzo de 2025.- La organizaci\u00f3n civil Data C\u00edvica alert\u00f3 de que la violencia pol\u00edtica ha subido un 2.5 por ciento en M\u00e9xico de cara a la elecci\u00f3n judicial de junio pr\u00f3ximo y el inicio de las campa\u00f1as el 30 de marzo, documentando 26 asesinatos de personas relacionadas con la pol\u00edtica.<\/p>\n\n\n\n<p>En enero de 2025, seg\u00fan la m\u00e1s reciente actualizaci\u00f3n del informe \u2018Votar entre balas\u2019, la ONG document\u00f3 40 eventos asociados con la violencia pol\u00edtico-criminal en el pa\u00eds.<\/p>\n\n\n\n<p>Esto representa un aumento del 2.56 por ciento tanto en comparaci\u00f3n con el a\u00f1o anterior como con el mes anterior, es decir, diciembre de 2024 y enero de 2024, respectivamente, destac\u00f3 Data C\u00edvica en un comunicado.<\/p>\n\n\n\n<p>\u201cLas entidades (estados) con m\u00e1s eventos de violencia pol\u00edtica en lo que va del a\u00f1o son Morelos (8), Sinaloa (7) y Oaxaca (7)\u201d, apunt\u00f3 la organizaci\u00f3n.<\/p>\n\n\n\n<p>Asimismo, destac\u00f3 que en Morelos, tres autoridades locales sobrevivieron a ataques armados en sus casas en el primer mes del a\u00f1o.<\/p>\n\n\n\n<p>Adem\u00e1s, cinco aspirantes a representantes comunales fueron asesinados en un acto pol\u00edtico en el municipio Huitzilac, sumando as\u00ed un total de ocho ataques en enero, lo que convierte a este mes en el m\u00e1s violento en el estado en los \u00faltimos seis a\u00f1os en t\u00e9rminos de violencia pol\u00edtica.<\/p>\n\n\n\n<p>\u201cDesde 2018, Morelos ha registrado un promedio de 1,5 v\u00edctimas de violencia pol\u00edtica al mes. No obstante, enero de 2025 ha sido el mes m\u00e1s violento desde 2018, despu\u00e9s de mayo de 2024, mes previo a las elecciones locales en dicho estado\u201d, expuso Data C\u00edvica.<\/p>\n\n\n\n<p>La ONG record\u00f3 que a la par de la elecci\u00f3n judicial de junio, este a\u00f1o Veracruz y Durango tambi\u00e9n celebrar\u00e1n comicios locales.<\/p>\n\n\n\n<p>Finalmente, la organizaci\u00f3n recapitul\u00f3 que, seg\u00fan su conteo, de 2018 a 2025, se han registrado dos mil 300 ataques, asesinatos, atentados y amenazas contra personas asociadas con el \u00e1mbito pol\u00edtico, gubernamental o contra instalaciones de gobierno o partidos.<\/p>\n\n\n\n<p>Y se\u00f1al\u00f3 que 2024 ha sido el a\u00f1o con m\u00e1s eventos de violencia pol\u00edtico-criminal, con 656 casos, en comparaci\u00f3n con el 2023, que cerr\u00f3 con 570.<\/p>\n\n\n\n<p>En poco menos de tres meses, el 1 de junio de 2025, M\u00e9xico tendr\u00e1 su primera elecci\u00f3n al Poder Judicial, en la que se renovar\u00e1n cerca de mil cargos judiciales en todo el pa\u00eds, incluida la Suprema Corte de Justicia (SCJN), que se reducir\u00e1 de once a nueve ministros.<\/p>\n\n\n\n<p>(Con informaci\u00f3n de EFE en L\u00f3pez-Doriga Digital)<\/p>\n","protected":false},"excerpt":{"rendered":"<p>Ciudad de M\u00e9xico, a 11 de marzo de 2025.- La organizaci\u00f3n civil Data C\u00edvica alert\u00f3&hellip;<\/p>\n","protected":false},"author":2,"featured_media":74948,"comment_status":"closed","ping_status":"open","sticky":false,"template":"","format":"standard","meta":{"_lmt_disableupdate":"","_lmt_disable":"","_jetpack_memberships_contains_paid_content":false,"footnotes":""},"categories":[109,47],"tags":[],"class_list":["post-78330","post","type-post","status-publish","format-standard","has-post-thumbnail","hentry","category-minuto-a-minuto","category-zona-gris"],"jetpack_featured_media_url":"https:\/\/zonaroja.com.mx\/wp-content\/uploads\/2024\/11\/Escena-violencia-asesinato-crimen.jpg","jetpack_sharing_enabled":true,"_links":{"self":[{"href":"https:\/\/zonaroja.com.mx\/index.php?rest_route=\/wp\/v2\/posts\/78330","targetHints":{"allow":["GET"]}}],"collection":[{"href":"https:\/\/zonaroja.com.mx\/index.php?rest_route=\/wp\/v2\/posts"}],"about":[{"href":"https:\/\/zonaroja.com.mx\/index.php?rest_route=\/wp\/v2\/types\/post"}],"author":[{"embeddable":true,"href":"https:\/\/zonaroja.com.mx\/index.php?rest_route=\/wp\/v2\/users\/2"}],"replies":[{"embeddable":true,"href":"https:\/\/zonaroja.com.mx\/index.php?rest_route=%2Fwp%2Fv2%2Fcomments&post=78330"}],"version-history":[{"count":1,"href":"https:\/\/zonaroja.com.mx\/index.php?rest_route=\/wp\/v2\/posts\/78330\/revisions"}],"predecessor-version":[{"id":78331,"href":"https:\/\/zonaroja.com.mx\/index.php?rest_route=\/wp\/v2\/posts\/78330\/revisions\/78331"}],"wp:featuredmedia":[{"embeddable":true,"href":"https:\/\/zonaroja.com.mx\/index.php?rest_route=\/wp\/v2\/media\/74948"}],"wp:attachment":[{"href":"https:\/\/zonaroja.com.mx\/index.php?rest_route=%2Fwp%2Fv2%2Fmedia&parent=78330"}],"wp:term":[{"taxonomy":"category","embeddable":true,"href":"https:\/\/zonaroja.com.mx\/index.php?rest_route=%2Fwp%2Fv2%2Fcategories&post=78330"},{"taxonomy":"post_tag","embeddable":true,"href":"https:\/\/zonaroja.com.mx\/index.php?rest_route=%2Fwp%2Fv2%2Ftags&post=78330"}],"curies":[{"name":"wp","href":"https:\/\/api.w.org\/{rel}","templated":true}]}}