{"id":78338,"date":"2025-03-11T20:07:40","date_gmt":"2025-03-12T02:07:40","guid":{"rendered":"https:\/\/zonaroja.com.mx\/?p=78338"},"modified":"2025-03-11T20:07:42","modified_gmt":"2025-03-12T02:07:42","slug":"denuncian-a-funcionario-del-inpi-de-agredir-y-acosar-a-activista-oaxaquena","status":"publish","type":"post","link":"https:\/\/zonaroja.com.mx\/?p=78338","title":{"rendered":"Denuncian a funcionario del INPI de agredir y acosar a activista oaxaque\u00f1a"},"content":{"rendered":"\n<p>Redacci\u00f3n\/Zona Roja.<\/p>\n\n\n\n<p>Oaxaca de Ju\u00e1rez, Oax., a 11 de marzo de 2025.- La activista zapoteca defensora de los derechos humanos, Silvia P\u00e9rez Yescas, denunci\u00f3 m\u00faltiples agresiones y amenazas por parte de grupos locales armados comandados por C\u00e9sar Pulido Herrera, funcionario del Instituto Nacional de Pueblos Ind\u00edgenas.<\/p>\n\n\n\n<p>Con el respaldo de colectivos y activistas, entre ellos la Red TDT, P\u00e9rez Yescas, fundadora de la organizaci\u00f3n \u201cMujeres Ind\u00edgenas por la Conservaci\u00f3n, Investigaci\u00f3n y Aprovechamiento de los Recursos Naturales\u201d CIARENA A.C., instituci\u00f3n cerrada por agresiones y amenazas, acus\u00f3 ser v\u00edctima de desplazamiento forzado, \u201cno puedo volver a Mar\u00eda Lombardo por temor a ser agredida f\u00edsicamente\u201d, reiter\u00f3 en conferencia de prensa en el z\u00f3calo de la capital de Oaxaca.<\/p>\n\n\n\n<p>Exigi\u00f3 el cese de las agresiones a la casa de la mujer CIARENA, \u201cno m\u00e1s mensajes de amenazas de muerte, no m\u00e1s descalificaci\u00f3n de nuestra labor\u201d. Por su parte, Yesica S\u00e1nchez Maya de Consorcio Oaxaca demand\u00f3 la inmediata protecci\u00f3n de la activista zapoteca Silvia P\u00e9rez Yescas, \u201d no puede vivir una amenaza m\u00e1s ni ser una estad\u00edstica\u201d.&nbsp;<\/p>\n\n\n\n<p>Y urgi\u00f3 al gobierno estatal a brindar las medidas de seguridad correspondientes tras ser allanado su domicilio.<\/p>\n\n\n\n<p>\u201cPor eso hago un llamado al fiscal general para que cumpla su mandato y detenga a los verdaderos agresores. Hago un llamado al gobernador Salom\u00f3n Jara para que intervenga y Mar\u00eda Lombardo deje de ser un pueblo sin ley\u201d, reiter\u00f3 la defensora.<\/p>\n\n\n\n<figure class=\"wp-block-embed is-type-rich is-provider-twitter wp-block-embed-twitter\"><div class=\"wp-block-embed__wrapper\">\n<div class=\"twitter-tweet\"><blockquote class=\"twitter-tweet\" data-lang=\"es\"><p lang=\"es\" dir=\"ltr\">Desde el z\u00f3calo de la ciudad de Oaxaca, la activista Silvia P\u00e9rez Yescas, v\u00edctima de desplazamiento de Mar\u00eda Lombardo de Caso, denunci\u00f3 una campa\u00f1a de hostigamiento, amenazas, abuso de poder y persecuci\u00f3n en su contra. <a href=\"https:\/\/t.co\/VSwmNkXBs7\">pic.twitter.com\/VSwmNkXBs7<\/a><\/p>&mdash; Zona Roja Oaxaca (@ZonaRoja_Oaxaca) <a href=\"https:\/\/twitter.com\/ZonaRoja_Oaxaca\/status\/1899521058455347707?ref_src=twsrc%5Etfw\">11 de marzo de 2025<\/a><\/blockquote><\/div>\n<\/div><\/figure>\n\n\n\n<p>(Informaci\u00f3n de Educa)<\/p>\n","protected":false},"excerpt":{"rendered":"<p>Redacci\u00f3n\/Zona Roja. Oaxaca de Ju\u00e1rez, Oax., a 11 de marzo de 2025.- La activista zapoteca&hellip;<\/p>\n","protected":false},"author":2,"featured_media":78339,"comment_status":"closed","ping_status":"open","sticky":false,"template":"","format":"standard","meta":{"_lmt_disableupdate":"","_lmt_disable":"","_jetpack_memberships_contains_paid_content":false,"footnotes":""},"categories":[109,47],"tags":[4245],"class_list":["post-78338","post","type-post","status-publish","format-standard","has-post-thumbnail","hentry","category-minuto-a-minuto","category-zona-gris","tag-silvia-perez-yescas"],"jetpack_featured_media_url":"https:\/\/zonaroja.com.mx\/wp-content\/uploads\/2025\/03\/Silvia-Perez-Yescas-Consorcio.jpeg","jetpack_sharing_enabled":true,"_links":{"self":[{"href":"https:\/\/zonaroja.com.mx\/index.php?rest_route=\/wp\/v2\/posts\/78338","targetHints":{"allow":["GET"]}}],"collection":[{"href":"https:\/\/zonaroja.com.mx\/index.php?rest_route=\/wp\/v2\/posts"}],"about":[{"href":"https:\/\/zonaroja.com.mx\/index.php?rest_route=\/wp\/v2\/types\/post"}],"author":[{"embeddable":true,"href":"https:\/\/zonaroja.com.mx\/index.php?rest_route=\/wp\/v2\/users\/2"}],"replies":[{"embeddable":true,"href":"https:\/\/zonaroja.com.mx\/index.php?rest_route=%2Fwp%2Fv2%2Fcomments&post=78338"}],"version-history":[{"count":1,"href":"https:\/\/zonaroja.com.mx\/index.php?rest_route=\/wp\/v2\/posts\/78338\/revisions"}],"predecessor-version":[{"id":78340,"href":"https:\/\/zonaroja.com.mx\/index.php?rest_route=\/wp\/v2\/posts\/78338\/revisions\/78340"}],"wp:featuredmedia":[{"embeddable":true,"href":"https:\/\/zonaroja.com.mx\/index.php?rest_route=\/wp\/v2\/media\/78339"}],"wp:attachment":[{"href":"https:\/\/zonaroja.com.mx\/index.php?rest_route=%2Fwp%2Fv2%2Fmedia&parent=78338"}],"wp:term":[{"taxonomy":"category","embeddable":true,"href":"https:\/\/zonaroja.com.mx\/index.php?rest_route=%2Fwp%2Fv2%2Fcategories&post=78338"},{"taxonomy":"post_tag","embeddable":true,"href":"https:\/\/zonaroja.com.mx\/index.php?rest_route=%2Fwp%2Fv2%2Ftags&post=78338"}],"curies":[{"name":"wp","href":"https:\/\/api.w.org\/{rel}","templated":true}]}}