{"id":78341,"date":"2025-03-11T21:29:32","date_gmt":"2025-03-12T03:29:32","guid":{"rendered":"https:\/\/zonaroja.com.mx\/?p=78341"},"modified":"2025-03-11T21:29:34","modified_gmt":"2025-03-12T03:29:34","slug":"en-menos-de-24-horas-un-asesinado-y-un-lesionado-en-el-istmo-ejecutado-en-ejutla","status":"publish","type":"post","link":"https:\/\/zonaroja.com.mx\/?p=78341","title":{"rendered":"En menos de 24 horas, un asesinado y un lesionado en el Istmo; ejecutado en Ejutla"},"content":{"rendered":"\n<p>Ismael Garc\u00eda M.\/Zona Roja.<\/p>\n\n\n\n<p>Oaxaca de Ju\u00e1rez, Oax., a 11 de marzo de 2025.- Una persona fue asesinada a balazos y otra m\u00e1s lesionada de gravedad en menos de 24 horas, en la regi\u00f3n del Istmo de Tehuantepec.<\/p>\n\n\n\n<p>El m\u00e1s reciente caso ocurri\u00f3 la ma\u00f1ana de este martes, en que atacaron a balazos a un individuo en el interior de un local comercial ubicado en la calle Iturbide esqu\u00ednala con 16 de Septiembre, centro del municipio de Mat\u00edas Romero.<\/p>\n\n\n\n<p>La v\u00edctima fue identificada como Jes\u00fas \u201cN\u201d y fue trasladada de urgencia a un hospital de dicha ciudad de la zona norte del Istmo; hasta el momento se desconoce qui\u00e9n o qui\u00e9nes intentaron privarlo de la vida.<\/p>\n\n\n\n<p>Mientras que ayer por la tarde, en el municipio de Salina Cruz fue ejecutado un individuo en la colonia Hidalgo Oriente.<\/p>\n\n\n\n<p>El crimen ocurri\u00f3 en la calle Presa Benito Ju\u00e1rez en que transitaba el individuo a bordo de una unidad de motor, cuando fue acribillado por parte de sujetos armados.<\/p>\n\n\n\n<p>Hasta el momento no se cuenta con la identidad oficial de esta persona y las pesquisas las contin\u00faa la Vicefiscal\u00eda Regional del Istmo.<\/p>\n\n\n\n<p>Por otra parte, esta noche en el municipio de Ejutla de Crespo, un individuo fue ejecutado a balazos, en la calle 5 de Mayo.<\/p>\n\n\n\n<p>El hombre fue identificado posteriormente como Edilberto S. y al momento a\u00fan se desconocen las causas por las cuales fue atacado por sujetos desconocidos.<\/p>\n","protected":false},"excerpt":{"rendered":"<p>Ismael Garc\u00eda M.\/Zona Roja. Oaxaca de Ju\u00e1rez, Oax., a 11 de marzo de 2025.- Una&hellip;<\/p>\n","protected":false},"author":2,"featured_media":78344,"comment_status":"closed","ping_status":"open","sticky":false,"template":"","format":"standard","meta":{"_lmt_disableupdate":"","_lmt_disable":"","_jetpack_memberships_contains_paid_content":false,"footnotes":""},"categories":[109,51],"tags":[702],"class_list":["post-78341","post","type-post","status-publish","format-standard","has-post-thumbnail","hentry","category-minuto-a-minuto","category-zona-roja","tag-ejutla-de-crespo"],"jetpack_featured_media_url":"https:\/\/zonaroja.com.mx\/wp-content\/uploads\/2025\/03\/ASesinado-Ejutla-de-Crespo.jpg","jetpack_sharing_enabled":true,"_links":{"self":[{"href":"https:\/\/zonaroja.com.mx\/index.php?rest_route=\/wp\/v2\/posts\/78341","targetHints":{"allow":["GET"]}}],"collection":[{"href":"https:\/\/zonaroja.com.mx\/index.php?rest_route=\/wp\/v2\/posts"}],"about":[{"href":"https:\/\/zonaroja.com.mx\/index.php?rest_route=\/wp\/v2\/types\/post"}],"author":[{"embeddable":true,"href":"https:\/\/zonaroja.com.mx\/index.php?rest_route=\/wp\/v2\/users\/2"}],"replies":[{"embeddable":true,"href":"https:\/\/zonaroja.com.mx\/index.php?rest_route=%2Fwp%2Fv2%2Fcomments&post=78341"}],"version-history":[{"count":1,"href":"https:\/\/zonaroja.com.mx\/index.php?rest_route=\/wp\/v2\/posts\/78341\/revisions"}],"predecessor-version":[{"id":78345,"href":"https:\/\/zonaroja.com.mx\/index.php?rest_route=\/wp\/v2\/posts\/78341\/revisions\/78345"}],"wp:featuredmedia":[{"embeddable":true,"href":"https:\/\/zonaroja.com.mx\/index.php?rest_route=\/wp\/v2\/media\/78344"}],"wp:attachment":[{"href":"https:\/\/zonaroja.com.mx\/index.php?rest_route=%2Fwp%2Fv2%2Fmedia&parent=78341"}],"wp:term":[{"taxonomy":"category","embeddable":true,"href":"https:\/\/zonaroja.com.mx\/index.php?rest_route=%2Fwp%2Fv2%2Fcategories&post=78341"},{"taxonomy":"post_tag","embeddable":true,"href":"https:\/\/zonaroja.com.mx\/index.php?rest_route=%2Fwp%2Fv2%2Ftags&post=78341"}],"curies":[{"name":"wp","href":"https:\/\/api.w.org\/{rel}","templated":true}]}}