{"id":78346,"date":"2025-03-12T06:20:43","date_gmt":"2025-03-12T12:20:43","guid":{"rendered":"https:\/\/zonaroja.com.mx\/?p=78346"},"modified":"2025-03-12T06:50:23","modified_gmt":"2025-03-12T12:50:23","slug":"tras-larga-audiencia-liberan-a-joven-juchiteca-didxaza","status":"publish","type":"post","link":"https:\/\/zonaroja.com.mx\/?p=78346","title":{"rendered":"Tras larga audiencia, liberan a joven juchiteca Didxaz\u00e1"},"content":{"rendered":"\n<p>Ismael Garc\u00eda M.\/Zona Roja.<\/p>\n\n\n\n<p>Oaxaca de Ju\u00e1rez, Oax., a 12 de marzo de 2025.- Luego de varios varias horas de audiencia, el Poder Judicial federal con sede en Oaxaca determin\u00f3 no vincular a proceso a la joven Didxaz\u00e1 Garc\u00eda Jim\u00e9nez y anoche qued\u00f3 en libertad.<\/p>\n\n\n\n<p>La artista zapoteca fue detenida el pasado martes 4 de marzo en el municipio de Juchit\u00e1n de Zaragoza junto con otras dos personas, a quienes les hallaron un arma de grueso calibre, tras lo cual fueron puestos a disposici\u00f3n del ministerio p\u00fablico federal.<\/p>\n\n\n\n<p>Sin embargo, diversas personalidades, como la escritora Natalia Toledo y el cineasta Mario Bazendu, as\u00ed como artistas locales, activistas y familiares, reprobaron dicha acci\u00f3n y aseguraron que la joven es de una trayectoria intachable.<\/p>\n\n\n\n<p>Hab\u00eda sido convocada a plasmar tatuajes a unas personas y que su error fue aceptar un \u201cavent\u00f3n\u201d para regresar de Ciudad Ixtepec a la ciudad de Juchit\u00e1n de Zaragoza, cuando sucedi\u00f3 la revisi\u00f3n y posterior detenci\u00f3n.<\/p>\n\n\n\n<p>Durante el transcurso de una semana se dieron diversas manifestaciones de apoyo y ayer martes, un grupo de familiares y amigos protest\u00f3 durante todo el d\u00eda afuera de la sede de juzgados federales, en el edificio ubicado en el municipio de San Bartolo Coyotepec, con la finalidad de exigir su libertad.<\/p>\n\n\n\n<p>Finalmente la autoridad federal consider\u00f3 que no hab\u00eda pruebas suficientes para vincularla a proceso por lo cual Didxaz\u00e1 qued\u00f3 en libertad. A\u00fan se desconoce si la joven o sus familiares interpondr\u00e1n su denuncia correspondiente por la detenci\u00f3n arbitraria y exigir reparaci\u00f3n del da\u00f1o.<\/p>\n","protected":false},"excerpt":{"rendered":"<p>Ismael Garc\u00eda M.\/Zona Roja. Oaxaca de Ju\u00e1rez, Oax., a 12 de marzo de 2025.- Luego&hellip;<\/p>\n","protected":false},"author":2,"featured_media":78347,"comment_status":"closed","ping_status":"open","sticky":false,"template":"","format":"standard","meta":{"_lmt_disableupdate":"","_lmt_disable":"","_jetpack_memberships_contains_paid_content":false,"footnotes":""},"categories":[109,46],"tags":[4246],"class_list":["post-78346","post","type-post","status-publish","format-standard","has-post-thumbnail","hentry","category-minuto-a-minuto","category-zona-blanca","tag-didxaza-garcia-jimenez"],"jetpack_featured_media_url":"https:\/\/zonaroja.com.mx\/wp-content\/uploads\/2025\/03\/Didxaza-Garcia-Jimenez.jpg","jetpack_sharing_enabled":true,"_links":{"self":[{"href":"https:\/\/zonaroja.com.mx\/index.php?rest_route=\/wp\/v2\/posts\/78346","targetHints":{"allow":["GET"]}}],"collection":[{"href":"https:\/\/zonaroja.com.mx\/index.php?rest_route=\/wp\/v2\/posts"}],"about":[{"href":"https:\/\/zonaroja.com.mx\/index.php?rest_route=\/wp\/v2\/types\/post"}],"author":[{"embeddable":true,"href":"https:\/\/zonaroja.com.mx\/index.php?rest_route=\/wp\/v2\/users\/2"}],"replies":[{"embeddable":true,"href":"https:\/\/zonaroja.com.mx\/index.php?rest_route=%2Fwp%2Fv2%2Fcomments&post=78346"}],"version-history":[{"count":1,"href":"https:\/\/zonaroja.com.mx\/index.php?rest_route=\/wp\/v2\/posts\/78346\/revisions"}],"predecessor-version":[{"id":78348,"href":"https:\/\/zonaroja.com.mx\/index.php?rest_route=\/wp\/v2\/posts\/78346\/revisions\/78348"}],"wp:featuredmedia":[{"embeddable":true,"href":"https:\/\/zonaroja.com.mx\/index.php?rest_route=\/wp\/v2\/media\/78347"}],"wp:attachment":[{"href":"https:\/\/zonaroja.com.mx\/index.php?rest_route=%2Fwp%2Fv2%2Fmedia&parent=78346"}],"wp:term":[{"taxonomy":"category","embeddable":true,"href":"https:\/\/zonaroja.com.mx\/index.php?rest_route=%2Fwp%2Fv2%2Fcategories&post=78346"},{"taxonomy":"post_tag","embeddable":true,"href":"https:\/\/zonaroja.com.mx\/index.php?rest_route=%2Fwp%2Fv2%2Ftags&post=78346"}],"curies":[{"name":"wp","href":"https:\/\/api.w.org\/{rel}","templated":true}]}}