{"id":78350,"date":"2025-03-12T08:15:00","date_gmt":"2025-03-12T14:15:00","guid":{"rendered":"https:\/\/zonaroja.com.mx\/?p=78350"},"modified":"2025-03-12T06:52:29","modified_gmt":"2025-03-12T12:52:29","slug":"inician-con-exito-festividades-del-martes-de-brujas-en-xoxocotlan","status":"publish","type":"post","link":"https:\/\/zonaroja.com.mx\/?p=78350","title":{"rendered":"Inician con \u00e9xito festividades del \u201cMartes de Brujas\u201d en Xoxocotl\u00e1n"},"content":{"rendered":"\n<p>Redacci\u00f3n\/Zona Roja.<\/p>\n\n\n\n<p>Oaxaca de Ju\u00e1rez, Oax., 12 de marzo de 2025.- Con el toque de los caracoles arrancaron los \u201cMartes de Brujas\u201d 2025 en Santa Cruz Xoxocotl\u00e1n, evento lleno de simbolismo, historia cultural y tradici\u00f3n.&nbsp;<\/p>\n\n\n\n<p>La edici\u00f3n n\u00famero 48, que comenz\u00f3 este 11 de marzo, marca el inicio de una serie de actividades culturales, art\u00edsticas y gastron\u00f3micas que se llevar\u00e1n a cabo cada martes durante seis semanas.<\/p>\n\n\n\n<p>Para inaugurar esta festividad ante m\u00e1s de cinco mil asistentes, seg\u00fan datos de Protecci\u00f3n Civil Municipal, la mun\u00edcipe Nancy Ben\u00edtez Z\u00e1rate, acompa\u00f1ada de su Cabildo, encabez\u00f3 la ceremonia de apertura, donde dirigi\u00f3 unas palabras a las y los xoxe\u00f1os, as\u00ed como a los visitantes.<\/p>\n\n\n\n<p>\u201cHoy, esta festividad es el alma vibrante de Santa Cruz Xoxocotl\u00e1n, es el eco de nuestra historia, el orgullo de nuestras ra\u00edces y el reflejo de una comunidad que honra su pasado con alegr\u00eda, porque los \u2018Martes de Brujas\u2019 no solo es una fiesta: es un legado, es parte de nuestro patrimonio inmaterial e intangible\u201d, dijo Ben\u00edtez Z\u00e1rate.<\/p>\n\n\n\n<p>Cabe destacar, que el primer \u201cMartes de Brujas\u201d cont\u00f3 con la presencia de Benjam\u00edn Viveros Montalvo, presidente de la Junta de Coordinaci\u00f3n Pol\u00edtica del H. Congreso del Estado de Oaxaca; Sesul Bola\u00f1os L\u00f3pez, subsecretario de Educaci\u00f3n del Gobierno del Estado de Oaxaca; Edith Araceli Santib\u00e1\u00f1ez Boh\u00f3rquez, secretaria del Trabajo; Sara Carolina Orozco Mart\u00ednez, directora general de la Casa de la Cultura Oaxaque\u00f1a, entre otras personalidades.<\/p>\n\n\n\n<p>CANTA EUGENIA LE\u00d3N<\/p>\n\n\n\n<p>Despu\u00e9s de la inauguraci\u00f3n, el p\u00fablico disfrut\u00f3 de diversas presentaciones musicales. La Banda Filarm\u00f3nica Quetzal, junto al cantante Rodolfo Casal, abri\u00f3 el programa art\u00edstico, seguido de la escenificaci\u00f3n \u201cLos \u00faltimos guardianes de la monta\u00f1a sagrada\u201d, una representaci\u00f3n que recrea c\u00f3mo se viv\u00eda esta festividad en el pasado.<\/p>\n\n\n\n<p>La noche alcanz\u00f3 su punto culminante con la presentaci\u00f3n estelar de la reconocida cantante mexicana Eugenia Le\u00f3n, quien deleit\u00f3 al p\u00fablico con sus grandes \u00e9xitos. Para cerrar con broche de oro, la agrupaci\u00f3n \u201cCampeche Show\u201d puso a bailar a las personas asistentes con su repertorio de cumbia mexicana.<\/p>\n\n\n\n<p>ENTREGAN DECRETO<\/p>\n\n\n\n<p>En el marco de esta gran celebraci\u00f3n, se llev\u00f3 a cabo la entrega del decreto que reconoce y declara la Tradici\u00f3n de los Martes de Brujas de Santa Cruz Xoxocotl\u00e1n como un bien cultural inmaterial que forma parte del patrimonio cultural del Estado de Oaxaca.<\/p>\n\n\n\n<p>Asimismo, el que reconoce y declara al pletatamal de Santa Cruz Xoxocotl\u00e1n, como bien gastron\u00f3mico material o tangible que forma parte del patrimonio gastron\u00f3mico material o tangible del Estado de Oaxaca, as\u00ed como a los conocimientos y a las t\u00e9cnicas de elaboraci\u00f3n de este platillo.<\/p>\n\n\n\n<p>Estos decretos fueron aprobados en 2024 por la 65 Legislatura del Congreso del Estado de Oaxaca, con el objetivo de promover la preservaci\u00f3n del patrimonio cultural de Santa Cruz Xoxocotl\u00e1n, la transmisi\u00f3n de la identidad y su conservaci\u00f3n.<\/p>\n\n\n\n<p>Los decretos fueron entregados a la presidenta municipal, Nancy Ben\u00edtez Z\u00e1rate, por el presidente de la Junta de Coordinaci\u00f3n Pol\u00edtica del Congreso de Oaxaca, Benjam\u00edn Viveros Montalvo y por el subsecretario de Educaci\u00f3n del Gobierno del Estado de Oaxaca, Sesul Bola\u00f1os L\u00f3pez.<\/p>\n\n\n\n<p>SABORES Y TRADICIONES<\/p>\n\n\n\n<p>En la exaltaci\u00f3n de los sabores y olores, los tamales y atoles tambi\u00e9n fueron parte esencial de la noche. De frijol, chepil, rajas, mole, chichilo, salsa verde, dulce, entre otros, acompa\u00f1ados de su atole de panela, fueron los protagonistas gastron\u00f3micos como parte de la preservaci\u00f3n de los alimentos tradicionales del municipio.<\/p>\n\n\n\n<p>Cocineras tradicionales del municipio ofrecieron a la venta estos alimentos populares de la festividad, brindando a las personas asistentes la oportunidad de saborear este platillo representativo&nbsp;del&nbsp;municipio.<\/p>\n","protected":false},"excerpt":{"rendered":"<p>Redacci\u00f3n\/Zona Roja. Oaxaca de Ju\u00e1rez, Oax., 12 de marzo de 2025.- Con el toque de&hellip;<\/p>\n","protected":false},"author":2,"featured_media":78351,"comment_status":"closed","ping_status":"open","sticky":false,"template":"","format":"standard","meta":{"_lmt_disableupdate":"","_lmt_disable":"","_jetpack_memberships_contains_paid_content":false,"footnotes":""},"categories":[109,46],"tags":[3376,133],"class_list":["post-78350","post","type-post","status-publish","format-standard","has-post-thumbnail","hentry","category-minuto-a-minuto","category-zona-blanca","tag-nancy-benitez","tag-santa-cruz-xoxocotlan"],"jetpack_featured_media_url":"https:\/\/zonaroja.com.mx\/wp-content\/uploads\/2025\/03\/Primer-Martes-de-Brujas-Xoxocotlan-6.jpg","jetpack_sharing_enabled":true,"_links":{"self":[{"href":"https:\/\/zonaroja.com.mx\/index.php?rest_route=\/wp\/v2\/posts\/78350","targetHints":{"allow":["GET"]}}],"collection":[{"href":"https:\/\/zonaroja.com.mx\/index.php?rest_route=\/wp\/v2\/posts"}],"about":[{"href":"https:\/\/zonaroja.com.mx\/index.php?rest_route=\/wp\/v2\/types\/post"}],"author":[{"embeddable":true,"href":"https:\/\/zonaroja.com.mx\/index.php?rest_route=\/wp\/v2\/users\/2"}],"replies":[{"embeddable":true,"href":"https:\/\/zonaroja.com.mx\/index.php?rest_route=%2Fwp%2Fv2%2Fcomments&post=78350"}],"version-history":[{"count":1,"href":"https:\/\/zonaroja.com.mx\/index.php?rest_route=\/wp\/v2\/posts\/78350\/revisions"}],"predecessor-version":[{"id":78352,"href":"https:\/\/zonaroja.com.mx\/index.php?rest_route=\/wp\/v2\/posts\/78350\/revisions\/78352"}],"wp:featuredmedia":[{"embeddable":true,"href":"https:\/\/zonaroja.com.mx\/index.php?rest_route=\/wp\/v2\/media\/78351"}],"wp:attachment":[{"href":"https:\/\/zonaroja.com.mx\/index.php?rest_route=%2Fwp%2Fv2%2Fmedia&parent=78350"}],"wp:term":[{"taxonomy":"category","embeddable":true,"href":"https:\/\/zonaroja.com.mx\/index.php?rest_route=%2Fwp%2Fv2%2Fcategories&post=78350"},{"taxonomy":"post_tag","embeddable":true,"href":"https:\/\/zonaroja.com.mx\/index.php?rest_route=%2Fwp%2Fv2%2Ftags&post=78350"}],"curies":[{"name":"wp","href":"https:\/\/api.w.org\/{rel}","templated":true}]}}