{"id":78353,"date":"2025-03-12T12:52:00","date_gmt":"2025-03-12T18:52:00","guid":{"rendered":"https:\/\/zonaroja.com.mx\/?p=78353"},"modified":"2025-03-12T06:54:16","modified_gmt":"2025-03-12T12:54:16","slug":"opinion-legisladores-federales-morenistas-la-inusitada-independencia-legislativa","status":"publish","type":"post","link":"https:\/\/zonaroja.com.mx\/?p=78353","title":{"rendered":"Opini\u00f3n. Legisladores federales morenistas: la inusitada independencia legislativa"},"content":{"rendered":"\n<p>Adri\u00e1n Ortiz Romero Cuevas*<\/p>\n\n\n\n<p>El pasado 4 de marzo, la C\u00e1mara de Diputados del Congreso federal, aprob\u00f3 en lo general la reforma contra el nepotismo y la no reelecci\u00f3n hasta 2030. Unos d\u00edas antes, el Senado de la Rep\u00fablica habr\u00eda hecho lo mismo, en contravenci\u00f3n a lo planteado por la presidenta Claudia Sheinbaum, en el sentido de que dicha modificaci\u00f3n constitucional deb\u00eda entrar en vigor para el siguiente proceso electoral federal a celebrarse en 2027. Ello fue una rara demostraci\u00f3n de la \u201cindependencia legislativa\u201d, que los diputados federales y senadores morenistas sobradamente han demostrado no tener. De ese tama\u00f1o son los intereses por mantener a salvo las pr\u00e1cticas de nepotismo y reelecci\u00f3n\u2026 al menos hasta 2030.<\/p>\n\n\n\n<p>En efecto, el martes de la semana pasada fue aprobado en la c\u00e1mara baja el dictamen reforma y adiciona los art\u00edculos 55, 59, 82, 115, 116 y 122 de la Constituci\u00f3n federal en materia de no reelecci\u00f3n y nepotismo electoral. El grupo parlamentario de Morena dijo, a raz\u00f3n de justificaci\u00f3n del sentido de su voto a favor del dictamen modificado respecto a la iniciativa presidencial, que el dictamen busca eliminar el nepotismo electoral y la reelecci\u00f3n consecutiva en los procesos electorales.&nbsp;<\/p>\n\n\n\n<p>Lo que no pudieron explicar los legisladores morenistas, igual que sus pares en la c\u00e1mara alta \u2014porque no existe una justificaci\u00f3n real, m\u00e1s que en los intereses generados entre morenistas e integrantes del Partido Verde, en aras de sostener la mayor\u00eda artificial con la que se han convertido en la aplanadora legislativa\u2014 es por qu\u00e9 fueron en contra de la intenci\u00f3n de la Presidenta de prohibir dichas pr\u00e1cticas a partir del siguiente proceso electoral.&nbsp;<\/p>\n\n\n\n<p>Y es que no se trata de que deban complacer a contentillo a la doctora Sheinbaum. M\u00e1s bien de lo que se deber\u00eda de tratar es de que lograran explicar por qu\u00e9 frente a pr\u00e1cticamente todas las iniciativas presidenciales presentadas ante el Legislativo federal, han actuado con condescendencia y obediencia \u2014incluso llegando al extremo, en la administraci\u00f3n del presidente L\u00f3pez Obrador, de asumir las iniciativas para ser aprobadas \u201csin cambiarles una sola coma\u201d, seg\u00fan la orden emanada de Palacio Nacional\u2014; pero en este caso decidieron actuar con un sentido inusitado de independencia frente al Ejecutivo.&nbsp;<\/p>\n\n\n\n<p>Pueden parecer preguntas ret\u00f3ricas, pero cobran sentido frente a las circunstancias: \u00bfPor qu\u00e9 desobedecer hoy a la Presidenta, sin haberse atrevido nunca a desatender una indicaci\u00f3n del anterior mandatario? \u00bfPueden m\u00e1s los intereses relacionados con mantener pr\u00e1cticas como la reelecci\u00f3n consecutiva de legisladores, o el corrosivo y tentador nepotismo electoral, frente a una iniciativa que hizo suya la Mandataria federal, pero que a todas luces resulta ser eco de una exigencia popular?&nbsp;<\/p>\n\n\n\n<p>A\u00fan m\u00e1s: \u00bfEs tan necesario tomar tal consideraci\u00f3n, a\u00fan a sabiendas del repudio popular, en aras de mantener la alianza Morena-PVEM y la \u201ccohesi\u00f3n\u201d entre los grupos morenistas de algunas entidades federativas que pretenden mantener sus intereses a\u00fan a costa de la credibilidad de la propia Presidenta? Las consideraciones tienen mucho m\u00e1s de fondo. La aparente \u201cindependencia deliberativa\u201d, en este caso, es por dem\u00e1s reveladora cuando se contrasta con la actitud servil y anodina ante a las no pocas ni simples exigencias presidenciales, que ha sido el pan de cada al menos en las \u00faltimas tres legislaturas federales.&nbsp;<\/p>\n\n\n\n<p>@ortizromeroc<\/p>\n\n\n\n<p>@columnaalmargen<\/p>\n\n\n\n<p>Nos leemos en: http:\/\/columnaalmargen.mx<\/p>\n","protected":false},"excerpt":{"rendered":"<p>Adri\u00e1n Ortiz Romero Cuevas* El pasado 4 de marzo, la C\u00e1mara de Diputados del Congreso&hellip;<\/p>\n","protected":false},"author":2,"featured_media":67896,"comment_status":"closed","ping_status":"open","sticky":false,"template":"","format":"standard","meta":{"_lmt_disableupdate":"","_lmt_disable":"","_jetpack_memberships_contains_paid_content":false,"footnotes":""},"categories":[456,109],"tags":[],"class_list":["post-78353","post","type-post","status-publish","format-standard","has-post-thumbnail","hentry","category-columna","category-minuto-a-minuto"],"jetpack_featured_media_url":"https:\/\/zonaroja.com.mx\/wp-content\/uploads\/2024\/05\/Opinion-Adrian-Ortiz-Romero-Zona-Roja.jpeg","jetpack_sharing_enabled":true,"_links":{"self":[{"href":"https:\/\/zonaroja.com.mx\/index.php?rest_route=\/wp\/v2\/posts\/78353","targetHints":{"allow":["GET"]}}],"collection":[{"href":"https:\/\/zonaroja.com.mx\/index.php?rest_route=\/wp\/v2\/posts"}],"about":[{"href":"https:\/\/zonaroja.com.mx\/index.php?rest_route=\/wp\/v2\/types\/post"}],"author":[{"embeddable":true,"href":"https:\/\/zonaroja.com.mx\/index.php?rest_route=\/wp\/v2\/users\/2"}],"replies":[{"embeddable":true,"href":"https:\/\/zonaroja.com.mx\/index.php?rest_route=%2Fwp%2Fv2%2Fcomments&post=78353"}],"version-history":[{"count":1,"href":"https:\/\/zonaroja.com.mx\/index.php?rest_route=\/wp\/v2\/posts\/78353\/revisions"}],"predecessor-version":[{"id":78354,"href":"https:\/\/zonaroja.com.mx\/index.php?rest_route=\/wp\/v2\/posts\/78353\/revisions\/78354"}],"wp:featuredmedia":[{"embeddable":true,"href":"https:\/\/zonaroja.com.mx\/index.php?rest_route=\/wp\/v2\/media\/67896"}],"wp:attachment":[{"href":"https:\/\/zonaroja.com.mx\/index.php?rest_route=%2Fwp%2Fv2%2Fmedia&parent=78353"}],"wp:term":[{"taxonomy":"category","embeddable":true,"href":"https:\/\/zonaroja.com.mx\/index.php?rest_route=%2Fwp%2Fv2%2Fcategories&post=78353"},{"taxonomy":"post_tag","embeddable":true,"href":"https:\/\/zonaroja.com.mx\/index.php?rest_route=%2Fwp%2Fv2%2Ftags&post=78353"}],"curies":[{"name":"wp","href":"https:\/\/api.w.org\/{rel}","templated":true}]}}