{"id":78355,"date":"2025-03-12T09:15:00","date_gmt":"2025-03-12T15:15:00","guid":{"rendered":"https:\/\/zonaroja.com.mx\/?p=78355"},"modified":"2025-03-12T07:04:28","modified_gmt":"2025-03-12T13:04:28","slug":"delicadas-de-salud-y-hospitalizadas-por-accidente-de-autobus-ocho-personas","status":"publish","type":"post","link":"https:\/\/zonaroja.com.mx\/?p=78355","title":{"rendered":"Delicadas de salud y hospitalizadas por accidente de autob\u00fas, ocho personas\u00a0"},"content":{"rendered":"\n<p>Raymundo Morales\/Zona Roja.<\/p>\n\n\n\n<p>Oaxaca de Ju\u00e1rez, Oax. 12 de marzo de 2025.- Fueron 42 personas las que viajaban en el autob\u00fas que la ma\u00f1ana del lunes volc\u00f3 en la supercarretera Mitla Tehuantepec-Mitla, de las cuales ocho a\u00fan permanecen delicadas de salud.<\/p>\n\n\n\n<p>De acuerdo con un informe de la dependencia Servicios de Salud de Oaxaca (SSO) 19 personas lamentablemente perdieron la vida y 24 requirieron hospitalizaci\u00f3n; 16 ya fueron dadas de alta m\u00e9dica, mientras que ocho permanecen internadas y reciben atenci\u00f3n integral.<\/p>\n\n\n\n<p>El Hospital General \u201cDr. Macedonio Ben\u00edtez Fuentes\u201d de Juchit\u00e1n de Zaragoza IMSS-Bienestar, recibi\u00f3 11 personas lesionadas, incluidas dos menores de edad, 10 fueron dadas de alta m\u00e9dica, y un menor de 14 a\u00f1os con traumatismo craneoencef\u00e1lico severo fue referido al Hospital General de Salina Cruz IMSS-Bienestar para su atenci\u00f3n especializada.<\/p>\n\n\n\n<p>De la misma manera en el Hospital General de Santo Domingo Tehuantepec IMSS-Bienestar, se atendi\u00f3 a dos hombres de 30 y 31 a\u00f1os, quienes solicitaron alta voluntaria.<\/p>\n\n\n\n<p>Actualmente en el Hospital General de Salina Cruz IMSS-Bienestar, contin\u00faan hospitalizados una mujer de 16 a\u00f1os y un hombre de 34 a\u00f1os, ambos en estado grave pero estable.<\/p>\n\n\n\n<p>En la cl\u00ednica \u201cSina\u00ed\u201d en Heroica Ciudad de Juchit\u00e1n de Zaragoza, ingresaron ocho personas lesionadas, cuatro fueron dadas de alta m\u00e9dica por mejor\u00eda, tres permanecen hospitalizadas en estado grave pero estable, y un joven de 20 a\u00f1os fue trasladado al Hospital General \u201cDr. Aurelio Valdivieso\u201d IMSS-Bienestar para su atenci\u00f3n por un grupo de m\u00e9dicos multidisciplinario.<\/p>\n\n\n\n<p>Adem\u00e1s, un paciente de 44 a\u00f1os&nbsp;con reporte m\u00e9dico politraumatizado,&nbsp;se encuentra en protocolo de estudio y recibiendo atenci\u00f3n m\u00e9dica en la Cl\u00ednica Hospital General del Instituto de Seguridad y Servicios Sociales de los Trabajadores del Estado (ISSSTE) Tehuantepec.<\/p>\n","protected":false},"excerpt":{"rendered":"<p>Raymundo Morales\/Zona Roja. Oaxaca de Ju\u00e1rez, Oax. 12 de marzo de 2025.- Fueron 42 personas&hellip;<\/p>\n","protected":false},"author":2,"featured_media":78356,"comment_status":"closed","ping_status":"open","sticky":false,"template":"","format":"standard","meta":{"_lmt_disableupdate":"","_lmt_disable":"","_jetpack_memberships_contains_paid_content":false,"footnotes":""},"categories":[109,47],"tags":[1142],"class_list":["post-78355","post","type-post","status-publish","format-standard","has-post-thumbnail","hentry","category-minuto-a-minuto","category-zona-gris","tag-juchitan-de-zargoza"],"jetpack_featured_media_url":"https:\/\/zonaroja.com.mx\/wp-content\/uploads\/2025\/03\/Accidente-autobus-Mitla-Tehuantepec.jpg","jetpack_sharing_enabled":true,"_links":{"self":[{"href":"https:\/\/zonaroja.com.mx\/index.php?rest_route=\/wp\/v2\/posts\/78355","targetHints":{"allow":["GET"]}}],"collection":[{"href":"https:\/\/zonaroja.com.mx\/index.php?rest_route=\/wp\/v2\/posts"}],"about":[{"href":"https:\/\/zonaroja.com.mx\/index.php?rest_route=\/wp\/v2\/types\/post"}],"author":[{"embeddable":true,"href":"https:\/\/zonaroja.com.mx\/index.php?rest_route=\/wp\/v2\/users\/2"}],"replies":[{"embeddable":true,"href":"https:\/\/zonaroja.com.mx\/index.php?rest_route=%2Fwp%2Fv2%2Fcomments&post=78355"}],"version-history":[{"count":1,"href":"https:\/\/zonaroja.com.mx\/index.php?rest_route=\/wp\/v2\/posts\/78355\/revisions"}],"predecessor-version":[{"id":78357,"href":"https:\/\/zonaroja.com.mx\/index.php?rest_route=\/wp\/v2\/posts\/78355\/revisions\/78357"}],"wp:featuredmedia":[{"embeddable":true,"href":"https:\/\/zonaroja.com.mx\/index.php?rest_route=\/wp\/v2\/media\/78356"}],"wp:attachment":[{"href":"https:\/\/zonaroja.com.mx\/index.php?rest_route=%2Fwp%2Fv2%2Fmedia&parent=78355"}],"wp:term":[{"taxonomy":"category","embeddable":true,"href":"https:\/\/zonaroja.com.mx\/index.php?rest_route=%2Fwp%2Fv2%2Fcategories&post=78355"},{"taxonomy":"post_tag","embeddable":true,"href":"https:\/\/zonaroja.com.mx\/index.php?rest_route=%2Fwp%2Fv2%2Ftags&post=78355"}],"curies":[{"name":"wp","href":"https:\/\/api.w.org\/{rel}","templated":true}]}}