{"id":78358,"date":"2025-03-12T09:30:00","date_gmt":"2025-03-12T15:30:00","guid":{"rendered":"https:\/\/zonaroja.com.mx\/?p=78358"},"modified":"2025-03-12T08:14:44","modified_gmt":"2025-03-12T14:14:44","slug":"radicalizan-acciones-trabajadores-de-salina-cruz-y-queman-patrullas","status":"publish","type":"post","link":"https:\/\/zonaroja.com.mx\/?p=78358","title":{"rendered":"Radicalizan acciones trabajadores de Salina Cruz y queman patrullas\u00a0"},"content":{"rendered":"\n<p>Raymundo Morales\/Zona Roja.<\/p>\n\n\n\n<p>Oaxaca de Ju\u00e1rez, Oax., a 12 de marzo de 2025.- Un reducido grupo de trabajadores sindicalizados del ayuntamiento de Salina Cruz radicaliz\u00f3 sus acciones.<\/p>\n\n\n\n<p>A una semana de protestas, por supuestos despidos laborales, ayer causaron diversos destrozos, entre ellos la quema de una camioneta oficial, as\u00ed como da\u00f1os a patrullas y una motopatrulla, adem\u00e1s de saquear oficinas.<\/p>\n\n\n\n<p>En tanto que desde el inicio de la semana se apoderaron de veh\u00edculos recolectores de basura, con lo cual han impedido los servicios y en consecuencia la ciudad y puerto se han llenado de desechos.<\/p>\n\n\n\n<p>Seg\u00fan Nancy Tapia y Guillermo Acosta, ex trabajadores que encabezan la protesta con el respaldo de Mario Tr\u00e1paga, el gobierno municipal debe reinstalarlos en sus actividades.<\/p>\n\n\n\n<p>Sin embargo, el presidente municipal Daniel M\u00e9ndez Sosa les ha reiterado su disposici\u00f3n al di\u00e1logo y los ha convocado a acudir a la Junta de Arbitraje para los Empleados al Servicio de los Poderes del Estado de Oaxaca (JAESPO), que es la instancia correspondiente para resolver el conflicto.<\/p>\n\n\n\n<p>Asimismo, dej\u00f3 entrever que se interpondr\u00e1n las denuncias correspondientes ante los actos vand\u00e1licos, con la finalidad de que las autoridades ministeriales correspondientes procuren justicia.<\/p>\n","protected":false},"excerpt":{"rendered":"<p>Raymundo Morales\/Zona Roja. Oaxaca de Ju\u00e1rez, Oax., a 12 de marzo de 2025.- Un reducido&hellip;<\/p>\n","protected":false},"author":2,"featured_media":78359,"comment_status":"closed","ping_status":"open","sticky":false,"template":"","format":"standard","meta":{"_lmt_disableupdate":"","_lmt_disable":"","_jetpack_memberships_contains_paid_content":false,"footnotes":""},"categories":[109,47],"tags":[168],"class_list":["post-78358","post","type-post","status-publish","format-standard","has-post-thumbnail","hentry","category-minuto-a-minuto","category-zona-gris","tag-salina-cruz"],"jetpack_featured_media_url":"https:\/\/zonaroja.com.mx\/wp-content\/uploads\/2025\/03\/Danos-incendios-vandalismo-Salina-Cruz.jpg","jetpack_sharing_enabled":true,"_links":{"self":[{"href":"https:\/\/zonaroja.com.mx\/index.php?rest_route=\/wp\/v2\/posts\/78358","targetHints":{"allow":["GET"]}}],"collection":[{"href":"https:\/\/zonaroja.com.mx\/index.php?rest_route=\/wp\/v2\/posts"}],"about":[{"href":"https:\/\/zonaroja.com.mx\/index.php?rest_route=\/wp\/v2\/types\/post"}],"author":[{"embeddable":true,"href":"https:\/\/zonaroja.com.mx\/index.php?rest_route=\/wp\/v2\/users\/2"}],"replies":[{"embeddable":true,"href":"https:\/\/zonaroja.com.mx\/index.php?rest_route=%2Fwp%2Fv2%2Fcomments&post=78358"}],"version-history":[{"count":1,"href":"https:\/\/zonaroja.com.mx\/index.php?rest_route=\/wp\/v2\/posts\/78358\/revisions"}],"predecessor-version":[{"id":78360,"href":"https:\/\/zonaroja.com.mx\/index.php?rest_route=\/wp\/v2\/posts\/78358\/revisions\/78360"}],"wp:featuredmedia":[{"embeddable":true,"href":"https:\/\/zonaroja.com.mx\/index.php?rest_route=\/wp\/v2\/media\/78359"}],"wp:attachment":[{"href":"https:\/\/zonaroja.com.mx\/index.php?rest_route=%2Fwp%2Fv2%2Fmedia&parent=78358"}],"wp:term":[{"taxonomy":"category","embeddable":true,"href":"https:\/\/zonaroja.com.mx\/index.php?rest_route=%2Fwp%2Fv2%2Fcategories&post=78358"},{"taxonomy":"post_tag","embeddable":true,"href":"https:\/\/zonaroja.com.mx\/index.php?rest_route=%2Fwp%2Fv2%2Ftags&post=78358"}],"curies":[{"name":"wp","href":"https:\/\/api.w.org\/{rel}","templated":true}]}}