{"id":78364,"date":"2025-03-12T10:17:00","date_gmt":"2025-03-12T16:17:00","guid":{"rendered":"https:\/\/zonaroja.com.mx\/?p=78364"},"modified":"2025-03-12T08:20:10","modified_gmt":"2025-03-12T14:20:10","slug":"avala-congreso-de-oaxaca-reformas-constitucionales","status":"publish","type":"post","link":"https:\/\/zonaroja.com.mx\/?p=78364","title":{"rendered":"Avala Congreso de Oaxaca reformas constitucionales\u00a0"},"content":{"rendered":"\n<p>Redacci\u00f3n\/Zona Roja.<\/p>\n\n\n\n<p>Oaxaca de Ju\u00e1rez, Oax., a 11 de marzo de 2025.- En sesi\u00f3n extraordinaria, la Sexag\u00e9sima Sexta Legislatura del Estado aval\u00f3 con 34 votos a favor la reforma a la Constituci\u00f3n Pol\u00edtica de M\u00e9xico en materia de apoyo a j\u00f3venes, mediante la cual, se establece que el Estado otorgar\u00e1 un apoyo econ\u00f3mico mensual equivalente, al menos, a un salario m\u00ednimo general vigente a j\u00f3venes de entre 18 y 29 a\u00f1os que se encuentren en desocupaci\u00f3n laboral y no est\u00e9n cursando alg\u00fan nivel de educaci\u00f3n formal.<\/p>\n\n\n\n<p>La reforma al art\u00edculo 123 de la Carta Magna Federal, que incorpora un segundo p\u00e1rrafo, tiene como objetivo brindar a las y los j\u00f3venes la oportunidad de capacitarse hasta por un periodo de 12 meses en negocios, empresas, talleres, tiendas y otras unidades econ\u00f3micas.<\/p>\n\n\n\n<p>Durante la discusi\u00f3n, el diputado Israel L\u00f3pez S\u00e1nchez del Grupo Parlamentario de Morena enfatiz\u00f3 que esta reforma es necesaria porque el Estado debe garantizar las condiciones para hacer efectivo el derecho al trabajo de este sector, fortaleciendo as\u00ed la cohesi\u00f3n social y el desarrollo econ\u00f3mico del pa\u00eds. Asimismo, resalt\u00f3 la importancia en la lucha contra la exclusi\u00f3n, la precariedad laboral y la captaci\u00f3n de j\u00f3venes en actividades il\u00edcitas.<\/p>\n\n\n\n<p>POR LA SOBERAN\u00cdA<\/p>\n\n\n\n<p>Por otra parte, con 33 votos a favor y uno en contra, en sesi\u00f3n extraordinaria la C\u00e1mara de diputadas y diputados de Oaxaca aprob\u00f3 en lo general y particular el dictamen que reforma el segundo p\u00e1rrafo del art\u00edculo 19 y adicionan los p\u00e1rrafos segundo y tercero al art\u00edculo 40 de la Constituci\u00f3n Pol\u00edtica de los Estados Unidos Mexicanos en materia de fortalecimiento a la Soberan\u00eda y Tr\u00e1fico Ilegal de Armas.<\/p>\n\n\n\n<p>El dictamen, producto de una iniciativa de la Presidenta de la Rep\u00fablica, se\u00f1ala que el pueblo de M\u00e9xico, bajo ninguna circunstancia, aceptar\u00e1 intervenciones, intromisiones o cualquier otro acto desde el extranjero, que sea lesivo de la integridad, independencia y soberan\u00eda de la naci\u00f3n, tales como golpes de Estado, injerencias en elecciones o la violaci\u00f3n del territorio mexicano, sea \u00e9sta por tierra, agua, mar o espacio a\u00e9reo.<\/p>\n\n\n\n<p>Tampoco consentir\u00e1 intervenci\u00f3n en investigaci\u00f3n y persecuci\u00f3n alguna sin la autorizaci\u00f3n y colaboraci\u00f3n expresa del Estado Mexicano, en el marco de las leyes aplicables. Tambi\u00e9n determina que el juez o jueza ordenar\u00e1 la prisi\u00f3n preventiva oficiosamente por el delito de terrorismo.<\/p>\n\n\n\n<p>Igualmente establece que, a cualquier nacional o extranjero involucrado en la fabricaci\u00f3n, distribuci\u00f3n, enajenaci\u00f3n, traslado o internaci\u00f3n al territorio nacional de manera il\u00edcita de armas, y a cualquier extranjero que realice actividades al margen de la ley vinculadas con los p\u00e1rrafos segundo y tercero del art\u00edculo 40 de esta Constituci\u00f3n se le impondr\u00e1 la pena m\u00e1s severa posible, as\u00ed como la medida cautelar de prisi\u00f3n preventiva oficiosa.<\/p>\n","protected":false},"excerpt":{"rendered":"<p>Redacci\u00f3n\/Zona Roja. Oaxaca de Ju\u00e1rez, Oax., a 11 de marzo de 2025.- En sesi\u00f3n extraordinaria,&hellip;<\/p>\n","protected":false},"author":2,"featured_media":78365,"comment_status":"closed","ping_status":"open","sticky":false,"template":"","format":"standard","meta":{"_lmt_disableupdate":"","_lmt_disable":"","_jetpack_memberships_contains_paid_content":false,"footnotes":""},"categories":[109,46],"tags":[303],"class_list":["post-78364","post","type-post","status-publish","format-standard","has-post-thumbnail","hentry","category-minuto-a-minuto","category-zona-blanca","tag-congreso-del-estado-de-oaxaca"],"jetpack_featured_media_url":"https:\/\/zonaroja.com.mx\/wp-content\/uploads\/2025\/03\/Aprobacion-reforma-constitucional-juventudes.jpeg","jetpack_sharing_enabled":true,"_links":{"self":[{"href":"https:\/\/zonaroja.com.mx\/index.php?rest_route=\/wp\/v2\/posts\/78364","targetHints":{"allow":["GET"]}}],"collection":[{"href":"https:\/\/zonaroja.com.mx\/index.php?rest_route=\/wp\/v2\/posts"}],"about":[{"href":"https:\/\/zonaroja.com.mx\/index.php?rest_route=\/wp\/v2\/types\/post"}],"author":[{"embeddable":true,"href":"https:\/\/zonaroja.com.mx\/index.php?rest_route=\/wp\/v2\/users\/2"}],"replies":[{"embeddable":true,"href":"https:\/\/zonaroja.com.mx\/index.php?rest_route=%2Fwp%2Fv2%2Fcomments&post=78364"}],"version-history":[{"count":1,"href":"https:\/\/zonaroja.com.mx\/index.php?rest_route=\/wp\/v2\/posts\/78364\/revisions"}],"predecessor-version":[{"id":78366,"href":"https:\/\/zonaroja.com.mx\/index.php?rest_route=\/wp\/v2\/posts\/78364\/revisions\/78366"}],"wp:featuredmedia":[{"embeddable":true,"href":"https:\/\/zonaroja.com.mx\/index.php?rest_route=\/wp\/v2\/media\/78365"}],"wp:attachment":[{"href":"https:\/\/zonaroja.com.mx\/index.php?rest_route=%2Fwp%2Fv2%2Fmedia&parent=78364"}],"wp:term":[{"taxonomy":"category","embeddable":true,"href":"https:\/\/zonaroja.com.mx\/index.php?rest_route=%2Fwp%2Fv2%2Fcategories&post=78364"},{"taxonomy":"post_tag","embeddable":true,"href":"https:\/\/zonaroja.com.mx\/index.php?rest_route=%2Fwp%2Fv2%2Ftags&post=78364"}],"curies":[{"name":"wp","href":"https:\/\/api.w.org\/{rel}","templated":true}]}}