{"id":78376,"date":"2025-03-12T21:31:45","date_gmt":"2025-03-13T03:31:45","guid":{"rendered":"https:\/\/zonaroja.com.mx\/?p=78376"},"modified":"2025-03-12T21:31:47","modified_gmt":"2025-03-13T03:31:47","slug":"registra-ejutla-oaxaca-dos-personas-ejecutadas-en-24-horas","status":"publish","type":"post","link":"https:\/\/zonaroja.com.mx\/?p=78376","title":{"rendered":"Registra Ejutla, Oaxaca, dos personas ejecutadas, en 24 horas"},"content":{"rendered":"\n<p>Ismael Garc\u00eda M.\/Zona Roja.<\/p>\n\n\n\n<p>Oaxaca de Ju\u00e1rez, Oax., a 12 de marzo de 2025.- En menos de 24 horas, dos personas fueron ejecutadas a balazos en Ejutla de Crespo, municipio de la regi\u00f3n Valles Centrales del estado de Oaxaca.<\/p>\n\n\n\n<p>El m\u00e1s reciente crimen ocurri\u00f3 este mi\u00e9rcoles en la calle M. Gracida donde ultimaron a quien fue identificado de manera preliminar como Servando A. R., de aproximadamente 68 a\u00f1os de edad.<\/p>\n\n\n\n<p>El hombre se desempe\u00f1\u00f3 como Comisariado Ejidal en dicho municipio y hasta el momento se desconocen las causas por las cuales fue ultimado.<\/p>\n\n\n\n<p>En los hechos, una mujer resulto lesionada tambi\u00e9n por disparos de arma de fuego; se encuentra hospitalizada hasta este momento.<\/p>\n\n\n\n<p>Mientras que ayer por la noche otro individuo fue privado de la vida con m\u00faltiples impactos de arma de fuego.<\/p>\n\n\n\n<p>Se trata de Pedro Heriberto S. L., de 27 a\u00f1os de edad, quien fue acribillado cuando transitaba en la calle 5 de Mayo.<\/p>\n\n\n\n<p>En ambos casos no hay personas detenidas y la Fiscal\u00eda General del Estado de Oaxaca abri\u00f3 las carpetas de investigaci\u00f3n correspondientes, con la finalidad de dar con el o los responsables de estos homicidios.<\/p>\n","protected":false},"excerpt":{"rendered":"<p>Ismael Garc\u00eda M.\/Zona Roja. Oaxaca de Ju\u00e1rez, Oax., a 12 de marzo de 2025.- En&hellip;<\/p>\n","protected":false},"author":2,"featured_media":78377,"comment_status":"closed","ping_status":"open","sticky":false,"template":"","format":"standard","meta":{"_lmt_disableupdate":"","_lmt_disable":"","_jetpack_memberships_contains_paid_content":false,"footnotes":""},"categories":[109,51],"tags":[702],"class_list":["post-78376","post","type-post","status-publish","format-standard","has-post-thumbnail","hentry","category-minuto-a-minuto","category-zona-roja","tag-ejutla-de-crespo"],"jetpack_featured_media_url":"https:\/\/zonaroja.com.mx\/wp-content\/uploads\/2025\/03\/Ejecutado-Ejutla-de-Crespo-Oaxaca.jpg","jetpack_sharing_enabled":true,"_links":{"self":[{"href":"https:\/\/zonaroja.com.mx\/index.php?rest_route=\/wp\/v2\/posts\/78376","targetHints":{"allow":["GET"]}}],"collection":[{"href":"https:\/\/zonaroja.com.mx\/index.php?rest_route=\/wp\/v2\/posts"}],"about":[{"href":"https:\/\/zonaroja.com.mx\/index.php?rest_route=\/wp\/v2\/types\/post"}],"author":[{"embeddable":true,"href":"https:\/\/zonaroja.com.mx\/index.php?rest_route=\/wp\/v2\/users\/2"}],"replies":[{"embeddable":true,"href":"https:\/\/zonaroja.com.mx\/index.php?rest_route=%2Fwp%2Fv2%2Fcomments&post=78376"}],"version-history":[{"count":1,"href":"https:\/\/zonaroja.com.mx\/index.php?rest_route=\/wp\/v2\/posts\/78376\/revisions"}],"predecessor-version":[{"id":78378,"href":"https:\/\/zonaroja.com.mx\/index.php?rest_route=\/wp\/v2\/posts\/78376\/revisions\/78378"}],"wp:featuredmedia":[{"embeddable":true,"href":"https:\/\/zonaroja.com.mx\/index.php?rest_route=\/wp\/v2\/media\/78377"}],"wp:attachment":[{"href":"https:\/\/zonaroja.com.mx\/index.php?rest_route=%2Fwp%2Fv2%2Fmedia&parent=78376"}],"wp:term":[{"taxonomy":"category","embeddable":true,"href":"https:\/\/zonaroja.com.mx\/index.php?rest_route=%2Fwp%2Fv2%2Fcategories&post=78376"},{"taxonomy":"post_tag","embeddable":true,"href":"https:\/\/zonaroja.com.mx\/index.php?rest_route=%2Fwp%2Fv2%2Ftags&post=78376"}],"curies":[{"name":"wp","href":"https:\/\/api.w.org\/{rel}","templated":true}]}}