{"id":78379,"date":"2025-03-13T07:15:00","date_gmt":"2025-03-13T13:15:00","guid":{"rendered":"https:\/\/zonaroja.com.mx\/?p=78379"},"modified":"2025-03-13T06:34:41","modified_gmt":"2025-03-13T12:34:41","slug":"declara-el-ieepco-perdida-de-registro-de-los-partidos-pup-y-mujer","status":"publish","type":"post","link":"https:\/\/zonaroja.com.mx\/?p=78379","title":{"rendered":"Declara el IEEPCO p\u00e9rdida de registro de los partidos PUP y MUJER"},"content":{"rendered":"\n<p>Redacci\u00f3n\/Zona Roja.<\/p>\n\n\n\n<p>Oaxaca de Ju\u00e1rez, Oax., a 13 de marzo de 2025.- En sesi\u00f3n extraordinaria, el Consejo General del Instituto Estatal Electoral y de Participaci\u00f3n Ciudadana de Oaxaca (IEEPCO) declar\u00f3 la p\u00e9rdida de registro de los partidos pol\u00edticos locales Unidad Popular (PUP) y Movimiento Unificador de J\u00f3venes en el Estado y sus Regiones (MUJER).<\/p>\n\n\n\n<p>Ambos acuerdos fueron aprobados por unanimidad de votos, en cumplimiento a la sentencia de fecha 27 de febrero de 2025, dentro del expediente RA\/02\/2025 y expediente RA\/03\/2025 dictado por el Tribunal Electoral del Estado de Oaxaca.<\/p>\n\n\n\n<p>Previamente, el m\u00e1ximo \u00f3rgano de decisi\u00f3n del Instituto ya hab\u00eda aprobado la declaratoria de p\u00e9rdida de registro de ambos partidos, mediante acuerdo IEEPCO-CG-01\/2025 votado en Sesi\u00f3n Extraordinaria de fecha diez de enero de dos mil veinticinco, mismo que fue impugnado conforme a derecho corresponde.<\/p>\n\n\n\n<p>En la sesi\u00f3n de este d\u00eda, estuvieron presentes la consejera presidenta, Elizabeth S\u00e1nchez Gonz\u00e1lez; las consejeras electorales, Jessica Jazibe Hern\u00e1ndez Garc\u00eda, Zaira Alhel\u00ed Hip\u00f3lito L\u00f3pez, Ana Mar\u00eda M\u00e1rquez Andr\u00e9s y Gabriela Fernanda Espinoza Blancas; los consejeros electorales, Alejandro Carrasco Sampedro y Manuel Cort\u00e9s Muriedas; la encargada de despacho de la Secretar\u00eda Ejecutiva, Luisa Rebeca Garza L\u00f3pez, y representantes de los partidos pol\u00edticos.<\/p>\n","protected":false},"excerpt":{"rendered":"<p>Redacci\u00f3n\/Zona Roja. Oaxaca de Ju\u00e1rez, Oax., a 13 de marzo de 2025.- En sesi\u00f3n extraordinaria,&hellip;<\/p>\n","protected":false},"author":2,"featured_media":78380,"comment_status":"closed","ping_status":"open","sticky":false,"template":"","format":"standard","meta":{"_lmt_disableupdate":"","_lmt_disable":"","_jetpack_memberships_contains_paid_content":false,"footnotes":""},"categories":[109,46],"tags":[2932],"class_list":["post-78379","post","type-post","status-publish","format-standard","has-post-thumbnail","hentry","category-minuto-a-minuto","category-zona-blanca","tag-instituto-estatal-electoral-y-de-participacion-ciudadana-de-oaxaca-ieepco"],"jetpack_featured_media_url":"https:\/\/zonaroja.com.mx\/wp-content\/uploads\/2025\/03\/Sesion-IEEPCO-.jpg","jetpack_sharing_enabled":true,"_links":{"self":[{"href":"https:\/\/zonaroja.com.mx\/index.php?rest_route=\/wp\/v2\/posts\/78379","targetHints":{"allow":["GET"]}}],"collection":[{"href":"https:\/\/zonaroja.com.mx\/index.php?rest_route=\/wp\/v2\/posts"}],"about":[{"href":"https:\/\/zonaroja.com.mx\/index.php?rest_route=\/wp\/v2\/types\/post"}],"author":[{"embeddable":true,"href":"https:\/\/zonaroja.com.mx\/index.php?rest_route=\/wp\/v2\/users\/2"}],"replies":[{"embeddable":true,"href":"https:\/\/zonaroja.com.mx\/index.php?rest_route=%2Fwp%2Fv2%2Fcomments&post=78379"}],"version-history":[{"count":1,"href":"https:\/\/zonaroja.com.mx\/index.php?rest_route=\/wp\/v2\/posts\/78379\/revisions"}],"predecessor-version":[{"id":78381,"href":"https:\/\/zonaroja.com.mx\/index.php?rest_route=\/wp\/v2\/posts\/78379\/revisions\/78381"}],"wp:featuredmedia":[{"embeddable":true,"href":"https:\/\/zonaroja.com.mx\/index.php?rest_route=\/wp\/v2\/media\/78380"}],"wp:attachment":[{"href":"https:\/\/zonaroja.com.mx\/index.php?rest_route=%2Fwp%2Fv2%2Fmedia&parent=78379"}],"wp:term":[{"taxonomy":"category","embeddable":true,"href":"https:\/\/zonaroja.com.mx\/index.php?rest_route=%2Fwp%2Fv2%2Fcategories&post=78379"},{"taxonomy":"post_tag","embeddable":true,"href":"https:\/\/zonaroja.com.mx\/index.php?rest_route=%2Fwp%2Fv2%2Ftags&post=78379"}],"curies":[{"name":"wp","href":"https:\/\/api.w.org\/{rel}","templated":true}]}}