{"id":78384,"date":"2025-03-13T08:00:00","date_gmt":"2025-03-13T14:00:00","guid":{"rendered":"https:\/\/zonaroja.com.mx\/?p=78384"},"modified":"2025-03-13T06:47:07","modified_gmt":"2025-03-13T12:47:07","slug":"aprueba-congreso-de-oaxaca-reforma-al-poder-judicial-del-estado","status":"publish","type":"post","link":"https:\/\/zonaroja.com.mx\/?p=78384","title":{"rendered":"Aprueba Congreso de Oaxaca reforma al Poder Judicial del Estado"},"content":{"rendered":"\n<p>Redacci\u00f3n\/Zona Roja.<\/p>\n\n\n\n<p>Oaxaca de Ju\u00e1rez, Oax., a 13 de marzo de 2025.- La 66 Legislatura local aprob\u00f3 ayer con 30 votos a favor y dos en contra el proyecto de decreto por el que se reforman, adicionan y derogan diversas disposiciones de la Constituci\u00f3n Pol\u00edtica del Estado Libre y Soberano de Oaxaca, en materia del Poder Judicial del Estado de Oaxaca, propuesta por el gobernador Salom\u00f3n Jara Cruz.<\/p>\n\n\n\n<p>Esta reforma al Poder Judicial de la entidad tiene por objeto adecuar la Carta Magna local para realizar la renovaci\u00f3n de los cargos de elecci\u00f3n del poder judicial local, quienes ser\u00e1n electos por el pueblo de Oaxaca a trav\u00e9s del voto popular.&nbsp;<\/p>\n\n\n\n<p>De igual manera se reduce de 28 a 16 magistraturas, la renovaci\u00f3n de la totalidad de los cargos de magistradas y magistrados del Tribunal Superior de Justicia (TSJ) de Oaxaca, juezas y jueces de primera instancia y de los juzgados en materia laboral del Poder Judicial, se realizar\u00e1 en el a\u00f1o 2027.<\/p>\n\n\n\n<p>Adem\u00e1s, se crear\u00e1 el Tribunal de Disciplina Judicial, que se integrar\u00e1 por tres magistradas o magistrados, que durar\u00e1n seis a\u00f1os en su encargo, ser\u00e1n sustituidos de manera escalonada y podr\u00e1n ser electos para un nuevo per\u00edodo.<\/p>\n\n\n\n<p>Y un \u00d3rgano de Administraci\u00f3n Judicial, el cual se integrar\u00e1 por tres personas que durar\u00e1n en su encargo seis a\u00f1os improrrogables, de las cuales, una persona ser\u00e1 designada por el Gobernador; otra por el Congreso del Estado; y una por el Poder Judicial.<\/p>\n\n\n\n<p>Con la creaci\u00f3n de estas dos instituciones se desintegrar\u00e1 el Consejo de la Judicatura para garantizar mayor transparencia en los procesos de selecci\u00f3n y evaluar mejor a los integrantes del Poder judicial.&nbsp;<\/p>\n\n\n\n<p>En el caso de las elecciones de magistraturas del Pleno del Tribunal Superior de Justicia y del Tribunal de Disciplina ser\u00e1n estatales y para las elecciones de juezas y jueces de primera instancia, se realizar\u00e1n por distrito judicial.<\/p>\n\n\n\n<p>Ahora bien, las magistradas y magistrados del TSJ, los jueces de primera instancia y en materia laboral durar\u00e1n en su cargo nueve a\u00f1os. En el caso de las y los magistrados no podr\u00e1n ser reelectos. Por su parte, juezas y jueces podr\u00e1n ser reelectos en una ocasi\u00f3n de forma consecutiva.<\/p>\n\n\n\n<p>Y en el caso de quienes integren el Tribunal de Disciplina durar\u00e1n seis a\u00f1os en su encargo, ser\u00e1n sustituidos de manera escalonada y podr\u00e1n ser electos para un nuevo per\u00edodo.<\/p>\n\n\n\n<p>En lo que respecta a la forma de selecci\u00f3n de cargos en el Poder Judicial, esta se realizar\u00e1 con procesos p\u00fablicos, abiertos, transparentes, inclusivos, accesibles y paritarios.<\/p>\n\n\n\n<p>Es de destacar de esta reforma, que la remuneraci\u00f3n que perciban por sus servicios las magistradas y los magistrados, las juezas y los jueces, y dem\u00e1s personal del Poder Judicial, no podr\u00e1 ser mayor al establecido para la gobernadora o gobernador del estado. As\u00ed mismo, el cargo de las magistraturas no generar\u00e1 derecho a jubilaci\u00f3n y, adem\u00e1s, con esta modificaci\u00f3n se respetar\u00e1n los derechos laborales de las y los trabajadores.<\/p>\n","protected":false},"excerpt":{"rendered":"<p>Redacci\u00f3n\/Zona Roja. Oaxaca de Ju\u00e1rez, Oax., a 13 de marzo de 2025.- La 66 Legislatura&hellip;<\/p>\n","protected":false},"author":2,"featured_media":78385,"comment_status":"closed","ping_status":"open","sticky":false,"template":"","format":"standard","meta":{"_lmt_disableupdate":"","_lmt_disable":"","_jetpack_memberships_contains_paid_content":false,"footnotes":""},"categories":[109,46],"tags":[303],"class_list":["post-78384","post","type-post","status-publish","format-standard","has-post-thumbnail","hentry","category-minuto-a-minuto","category-zona-blanca","tag-congreso-del-estado-de-oaxaca"],"jetpack_featured_media_url":"https:\/\/zonaroja.com.mx\/wp-content\/uploads\/2025\/03\/Aprobacion-Reforma-al-Poder-Judicial-Oaxaca-2.jpeg","jetpack_sharing_enabled":true,"_links":{"self":[{"href":"https:\/\/zonaroja.com.mx\/index.php?rest_route=\/wp\/v2\/posts\/78384","targetHints":{"allow":["GET"]}}],"collection":[{"href":"https:\/\/zonaroja.com.mx\/index.php?rest_route=\/wp\/v2\/posts"}],"about":[{"href":"https:\/\/zonaroja.com.mx\/index.php?rest_route=\/wp\/v2\/types\/post"}],"author":[{"embeddable":true,"href":"https:\/\/zonaroja.com.mx\/index.php?rest_route=\/wp\/v2\/users\/2"}],"replies":[{"embeddable":true,"href":"https:\/\/zonaroja.com.mx\/index.php?rest_route=%2Fwp%2Fv2%2Fcomments&post=78384"}],"version-history":[{"count":1,"href":"https:\/\/zonaroja.com.mx\/index.php?rest_route=\/wp\/v2\/posts\/78384\/revisions"}],"predecessor-version":[{"id":78386,"href":"https:\/\/zonaroja.com.mx\/index.php?rest_route=\/wp\/v2\/posts\/78384\/revisions\/78386"}],"wp:featuredmedia":[{"embeddable":true,"href":"https:\/\/zonaroja.com.mx\/index.php?rest_route=\/wp\/v2\/media\/78385"}],"wp:attachment":[{"href":"https:\/\/zonaroja.com.mx\/index.php?rest_route=%2Fwp%2Fv2%2Fmedia&parent=78384"}],"wp:term":[{"taxonomy":"category","embeddable":true,"href":"https:\/\/zonaroja.com.mx\/index.php?rest_route=%2Fwp%2Fv2%2Fcategories&post=78384"},{"taxonomy":"post_tag","embeddable":true,"href":"https:\/\/zonaroja.com.mx\/index.php?rest_route=%2Fwp%2Fv2%2Ftags&post=78384"}],"curies":[{"name":"wp","href":"https:\/\/api.w.org\/{rel}","templated":true}]}}