{"id":78390,"date":"2025-03-13T09:15:00","date_gmt":"2025-03-13T15:15:00","guid":{"rendered":"https:\/\/zonaroja.com.mx\/?p=78390"},"modified":"2025-03-13T09:47:55","modified_gmt":"2025-03-13T15:47:55","slug":"desquician-de-nuevo-normalistas-la-ciudad-de-oaxaca","status":"publish","type":"post","link":"https:\/\/zonaroja.com.mx\/?p=78390","title":{"rendered":"Desquician de nuevo normalistas la ciudad de Oaxaca"},"content":{"rendered":"\n<p>Raymundo Morales\/Zona Roja.<\/p>\n\n\n\n<p>Oaxaca de Ju\u00e1rez, Oax., a 13 de marzo de 2025.- Estudiantes normalistas del estado de Oaxaca desquician de nuevo la capital.<\/p>\n\n\n\n<p>Ayer por la tarde se apoderaron de varios autobuses del transporte urbano, tanto en Santa Cruz Xoxocotl\u00e1n como en la ciudad, sin efectuar cierre de vialidades.<\/p>\n\n\n\n<p>Y esta ma\u00f1ana de jueves, repitieron la acci\u00f3n en diversos cruceros, con los cuales bloquean desde las siete de la ma\u00f1ana por lo menos tres cruces viales de la calzada H\u00e9roes de Chapultepec.<\/p>\n\n\n\n<p>Se trata del crucero de la terminal de autobuses ADO, de Netzahualc\u00f3yotl y de calzada Porfirio D\u00edaz continuaci\u00f3n con avenida Ju\u00e1rez.<\/p>\n\n\n\n<p>En conferencia de prensa, recriminaron el desinter\u00e9s del Instituto Estatal de Educaci\u00f3n P\u00fablica de Oaxaca y de su titular Emilio Montero P\u00e9rez para dar respuesta a sus demandas. <\/p>\n\n\n\n<p>Apenas el pasado jueves 6 de marzo repitieron la acci\u00f3n y cerraron el crucero del estadio de b\u00e9isbol de la capital, con varios autobuses, desde las 13:00 hasta las 20:00 horas.<\/p>\n\n\n\n<p>En esa ocasi\u00f3n y ahora argumentaron \u00fanicamente que la autoridad estatal, es decir el IEEPO, no hab\u00eda cumplido la totalidad de su pliego petitorio, entre ellos la dotaci\u00f3n de equipamiento y mejoramiento de las escuelas normales.<\/p>\n\n\n\n<p>Desde el pasado 13 de febrero, la Coordinadora Estudiantil Normalista del Estado de Oaxaca (CENEO), que aglutina a escolares de las 11 escuelas en la entidad, entregaron al IEEPO su pliego petitorio, para lo cual dieron un plazo de 10 d\u00edas a su cumplimiento.<\/p>\n","protected":false},"excerpt":{"rendered":"<p>Raymundo Morales\/Zona Roja. Oaxaca de Ju\u00e1rez, Oax., a 13 de marzo de 2025.- Estudiantes normalistas&hellip;<\/p>\n","protected":false},"author":2,"featured_media":78391,"comment_status":"closed","ping_status":"open","sticky":false,"template":"","format":"standard","meta":{"_lmt_disableupdate":"","_lmt_disable":"","_jetpack_memberships_contains_paid_content":false,"footnotes":""},"categories":[109,47],"tags":[1926],"class_list":["post-78390","post","type-post","status-publish","format-standard","has-post-thumbnail","hentry","category-minuto-a-minuto","category-zona-gris","tag-coordinadora-estudiantil-normalista-del-estado-de-oaxaca-ceneo"],"jetpack_featured_media_url":"https:\/\/zonaroja.com.mx\/wp-content\/uploads\/2025\/03\/Normalistas-toman-autobuses-urbanos.jpg","jetpack_sharing_enabled":true,"_links":{"self":[{"href":"https:\/\/zonaroja.com.mx\/index.php?rest_route=\/wp\/v2\/posts\/78390","targetHints":{"allow":["GET"]}}],"collection":[{"href":"https:\/\/zonaroja.com.mx\/index.php?rest_route=\/wp\/v2\/posts"}],"about":[{"href":"https:\/\/zonaroja.com.mx\/index.php?rest_route=\/wp\/v2\/types\/post"}],"author":[{"embeddable":true,"href":"https:\/\/zonaroja.com.mx\/index.php?rest_route=\/wp\/v2\/users\/2"}],"replies":[{"embeddable":true,"href":"https:\/\/zonaroja.com.mx\/index.php?rest_route=%2Fwp%2Fv2%2Fcomments&post=78390"}],"version-history":[{"count":2,"href":"https:\/\/zonaroja.com.mx\/index.php?rest_route=\/wp\/v2\/posts\/78390\/revisions"}],"predecessor-version":[{"id":78393,"href":"https:\/\/zonaroja.com.mx\/index.php?rest_route=\/wp\/v2\/posts\/78390\/revisions\/78393"}],"wp:featuredmedia":[{"embeddable":true,"href":"https:\/\/zonaroja.com.mx\/index.php?rest_route=\/wp\/v2\/media\/78391"}],"wp:attachment":[{"href":"https:\/\/zonaroja.com.mx\/index.php?rest_route=%2Fwp%2Fv2%2Fmedia&parent=78390"}],"wp:term":[{"taxonomy":"category","embeddable":true,"href":"https:\/\/zonaroja.com.mx\/index.php?rest_route=%2Fwp%2Fv2%2Fcategories&post=78390"},{"taxonomy":"post_tag","embeddable":true,"href":"https:\/\/zonaroja.com.mx\/index.php?rest_route=%2Fwp%2Fv2%2Ftags&post=78390"}],"curies":[{"name":"wp","href":"https:\/\/api.w.org\/{rel}","templated":true}]}}