{"id":78394,"date":"2025-03-13T09:53:21","date_gmt":"2025-03-13T15:53:21","guid":{"rendered":"https:\/\/zonaroja.com.mx\/?p=78394"},"modified":"2025-03-13T09:53:25","modified_gmt":"2025-03-13T15:53:25","slug":"cientificos-alertan-de-una-grave-sequia-en-mexico","status":"publish","type":"post","link":"https:\/\/zonaroja.com.mx\/?p=78394","title":{"rendered":"Cient\u00edficos alertan de una grave sequ\u00eda en M\u00e9xico"},"content":{"rendered":"\n<p>Redacci\u00f3n\/Zona Roja Cdmx.<\/p>\n\n\n\n<p>Ciudad de M\u00e9xico, a 13 de marzo de 2025.- Expertos mexicanos advirtieron, este mi\u00e9rcoles 12 de marzo, que la sequ\u00eda que afecta a m\u00e1s del 53 por ciento del pa\u00eds, especialmente a los estados del noroeste, se ver\u00e1 acentuada con el fen\u00f3meno meteorol\u00f3gico La Ni\u00f1a, recrudeciendo la falta de agua y generando lluvias extraordinarias en el sur del pa\u00eds.<\/p>\n\n\n\n<p>\u201cLo dif\u00edcil es que el cambio clim\u00e1tico altera los patrones naturales de la tierra. Altera al monz\u00f3n de Norteam\u00e9rica, altera a El Ni\u00f1o o La Ni\u00f1a, agudizar\u00e1 todo proceso, donde llueve llover\u00e1 m\u00e1s, lugares secos ser\u00e1n a\u00fan m\u00e1s secos\u201d, se\u00f1al\u00f3 a EFE Am\u00e9rica Nallely Lutz Ley, profesora e investigadora del Colegio de Sonora.<\/p>\n\n\n\n<p>Record\u00f3 que el fen\u00f3meno meteorol\u00f3gico de La Ni\u00f1a es m\u00e1s impredecible con el cambio clim\u00e1tico ocurriendo.<\/p>\n\n\n\n<p>\u201cLo que sabemos es que las temperaturas van a incrementar, la lluvia bajar\u00e1 en t\u00e9rminos de volumen y ser\u00e1n m\u00e1s impredecibles. Lamentablemente, estamos en (una) zona que es foco rojo del cambio clim\u00e1tico\u201d, afirm\u00f3 la especialista.<\/p>\n\n\n\n<p>La Organizaci\u00f3n Meteorol\u00f3gica Mundial y el Instituto Internacional de Investigaci\u00f3n sobre Clima y Sociedad determinaron que La Ni\u00f1a comenz\u00f3 en el Oc\u00e9ano Pac\u00edfico tropical en enero, y ha mantenido sus efectos desde febrero hasta abril, seg\u00fan el \u00faltimo pron\u00f3stico.<\/p>\n\n\n\n<p>Lutz Ley advirti\u00f3 de que el gobierno mexicano, los productores y la sociedad, no est\u00e1n tomando medidas de adaptaci\u00f3n o mitigaci\u00f3n a los efectos del cambio clim\u00e1tico.<\/p>\n\n\n\n<p>Record\u00f3 que La Ni\u00f1a y el cambio clim\u00e1tico impactan a todos los sectores de la econom\u00eda, desde lo dom\u00e9stico, con la escasez de agua, hasta la producci\u00f3n agropecuaria e industrial.<\/p>\n\n\n\n<p>Seg\u00fan el Monitor de Sequ\u00eda en M\u00e9xico, que quincenalmente publica la Comisi\u00f3n Nacional del Agua (Conagua), todo el noroeste del territorio nacional presenta niveles de sequ\u00eda que van de severa a excepcional.<\/p>\n\n\n\n<p>De estos estados, Baja California, Baja California Sur, Chihuahua, Sinaloa y Sonora, est\u00e1n completamente secos.<\/p>\n\n\n\n<p>Mientras que en los valles agr\u00edcolas de Sonora, reconocidos como el \u201cgranero de M\u00e9xico\u201d, dejaron de sembrarse 234 mil hect\u00e1reas de cultivos, lament\u00f3 Humberto Borb\u00f3n Valencia, director del Distrito de Riego R\u00edo Yaqui.<\/p>\n\n\n\n<p>\u201cSi contin\u00faa esta situaci\u00f3n de sequ\u00eda otro ciclo agr\u00edcola m\u00e1s, la verdad que varios productores van a cerrar sus negocios, no se puede depender de algo insostenible, es algo realmente cr\u00edtico\u201d, asegur\u00f3 el l\u00edder campesino.<\/p>\n\n\n\n<p>Avis\u00f3 que \u201cse est\u00e1n conjuntando cosas terribles para la producci\u00f3n agr\u00edcola\u201d, como la sequ\u00eda y la situaci\u00f3n en los mercados internacionales, donde est\u00e1n \u201cp\u00e9simos\u201d los precios del grano.<\/p>\n\n\n\n<p>En Sonora, el segundo estado con mayor producci\u00f3n bovina, el hato ganadero se redujo por la sequ\u00eda de un 1.2 millones de vientres a 750 mil cabezas de ganado.<\/p>\n\n\n\n<p>En este contexto, los ganaderos prefieren vender sus animales que verlos morir de sed.<\/p>\n\n\n\n<p>A mediados del a\u00f1o pasado, ambientalistas advert\u00edan de la pr\u00f3xima llegada del \u2018d\u00eda cero\u2019 en la capital mexicana, es decir, la fecha en la que no podr\u00eda garantizar el l\u00edquido para consumo humano.<\/p>\n\n\n\n<p>(Informaci\u00f3n de \u201cEl Financiero\u201d)<\/p>\n","protected":false},"excerpt":{"rendered":"<p>Redacci\u00f3n\/Zona Roja Cdmx. Ciudad de M\u00e9xico, a 13 de marzo de 2025.- Expertos mexicanos advirtieron,&hellip;<\/p>\n","protected":false},"author":2,"featured_media":69093,"comment_status":"closed","ping_status":"open","sticky":false,"template":"","format":"standard","meta":{"_lmt_disableupdate":"","_lmt_disable":"","_jetpack_memberships_contains_paid_content":false,"footnotes":""},"categories":[109,47],"tags":[4249],"class_list":["post-78394","post","type-post","status-publish","format-standard","has-post-thumbnail","hentry","category-minuto-a-minuto","category-zona-gris","tag-sequia-en-mexico"],"jetpack_featured_media_url":"https:\/\/zonaroja.com.mx\/wp-content\/uploads\/2024\/06\/Sequia-presas-Mexico.jpeg","jetpack_sharing_enabled":true,"_links":{"self":[{"href":"https:\/\/zonaroja.com.mx\/index.php?rest_route=\/wp\/v2\/posts\/78394","targetHints":{"allow":["GET"]}}],"collection":[{"href":"https:\/\/zonaroja.com.mx\/index.php?rest_route=\/wp\/v2\/posts"}],"about":[{"href":"https:\/\/zonaroja.com.mx\/index.php?rest_route=\/wp\/v2\/types\/post"}],"author":[{"embeddable":true,"href":"https:\/\/zonaroja.com.mx\/index.php?rest_route=\/wp\/v2\/users\/2"}],"replies":[{"embeddable":true,"href":"https:\/\/zonaroja.com.mx\/index.php?rest_route=%2Fwp%2Fv2%2Fcomments&post=78394"}],"version-history":[{"count":1,"href":"https:\/\/zonaroja.com.mx\/index.php?rest_route=\/wp\/v2\/posts\/78394\/revisions"}],"predecessor-version":[{"id":78395,"href":"https:\/\/zonaroja.com.mx\/index.php?rest_route=\/wp\/v2\/posts\/78394\/revisions\/78395"}],"wp:featuredmedia":[{"embeddable":true,"href":"https:\/\/zonaroja.com.mx\/index.php?rest_route=\/wp\/v2\/media\/69093"}],"wp:attachment":[{"href":"https:\/\/zonaroja.com.mx\/index.php?rest_route=%2Fwp%2Fv2%2Fmedia&parent=78394"}],"wp:term":[{"taxonomy":"category","embeddable":true,"href":"https:\/\/zonaroja.com.mx\/index.php?rest_route=%2Fwp%2Fv2%2Fcategories&post=78394"},{"taxonomy":"post_tag","embeddable":true,"href":"https:\/\/zonaroja.com.mx\/index.php?rest_route=%2Fwp%2Fv2%2Ftags&post=78394"}],"curies":[{"name":"wp","href":"https:\/\/api.w.org\/{rel}","templated":true}]}}