{"id":78396,"date":"2025-03-13T11:00:00","date_gmt":"2025-03-13T17:00:00","guid":{"rendered":"https:\/\/zonaroja.com.mx\/?p=78396"},"modified":"2025-03-13T10:04:05","modified_gmt":"2025-03-13T16:04:05","slug":"prohibida-la-chatarra-en-las-escuelas-publicas-de-oaxaca","status":"publish","type":"post","link":"https:\/\/zonaroja.com.mx\/?p=78396","title":{"rendered":"\u00a1Prohibida la chatarra en las escuelas p\u00fablicas de Oaxaca!"},"content":{"rendered":"\n<p>Redacci\u00f3n\/Zona Roja.&nbsp;<\/p>\n\n\n\n<p>Oaxaca de Ju\u00e1rez, Oax., a 13 de marzo de 2025.- Para convertir a las escuelas en espacios de prevenci\u00f3n y promoci\u00f3n de la salud, a fin de evitar la venta de comida chatarra y con ello reducir enfermedades como sobrepeso, obesidad y desnutrici\u00f3n en ni\u00f1as y ni\u00f1os, el gobernador Salom\u00f3n Jara Cruz dio inicio en Oaxaca a la estrategia nacional \u201cVive saludable, vive feliz\u201d.<\/p>\n\n\n\n<p>Al firmar como testigo de honor el convenio de colaboraci\u00f3n y coordinaci\u00f3n interinstitucional para esta acci\u00f3n, entre Servicios de Salud de Oaxaca (SSO), el Sistema para el Desarrollo Integral de la Familia (DIF) Oaxaca y el Instituto Estatal de Educaci\u00f3n P\u00fablica de Oaxaca (IEEPO); Jara Cruz indic\u00f3 que este plan es impulsado por la Presidenta Claudia Sheinbaum, toda vez que M\u00e9xico ocupa el primer lugar en obesidad infantil a nivel mundial.<\/p>\n\n\n\n<p>De esta manera, el mandatario estatal anunci\u00f3 que, a partir del 27 de marzo, la venta de comida chatarra quedar\u00e1 prohibida al interior de los planteles educativos; sin embargo, las cooperativas podr\u00e1n seguir ofertando productos saludables y nutritivos.&nbsp;<\/p>\n\n\n\n<p>\u201cEsta estrategia consiste en iniciar un censo en todas las escuelas de la entidad y el pa\u00eds, para conocer qu\u00e9 problemas bucales, visuales y auditivos presenta la ni\u00f1ez\u201d, inform\u00f3 durante la actividad realizada en la Primaria Matutina \u201cEnrique Pestalozzi\u201d, de Oaxaca de Ju\u00e1rez.<\/p>\n\n\n\n<p>En su oportunidad, el titular de SSO, Efr\u00e9n Emmanuel Jarqu\u00edn Gonz\u00e1lez dio a conocer que la estrategia concluir\u00e1 el pr\u00f3ximo 17 de diciembre y se desplegar\u00e1 a lo largo de las ocho regiones del estado con 28 brigadas que cubrir\u00e1n 5 mil 577 escuelas, impactando a 454 mil 747 estudiantes.<\/p>\n\n\n\n<p>Entre las principales acciones destacan: promoci\u00f3n de h\u00e1bitos de la salud e higiene y recomendaciones de alimentaci\u00f3n nutritiva, actividades f\u00edsicas y desarrollo de habilidades socioemocionales en el entorno escolar, intervenciones preventivas con pl\u00e1ticas sobre la t\u00e9cnica correcta de cepillado dental, revisi\u00f3n de caries, entre otras.<\/p>\n\n\n\n<p>El funcionario precis\u00f3 que la vigilancia de comida chatarra, se realizar\u00e1 de acuerdo con la Ley de los Derechos de Ni\u00f1as, Ni\u00f1os y Adolescentes para el Estado de Oaxaca (Art\u00edculo 22), con lo cual, el personal de SSO llevar\u00e1 a cabo la supervisi\u00f3n en planteles escolares sobre productos etiquetados bajo la norma 051.<\/p>\n\n\n\n<p>Por su parte, el director general del IEEPO, Emilio Montero P\u00e9rez se\u00f1al\u00f3 que la primera etapa de este plan finalizar\u00e1 el 11 de abril en la entidad y contempla a 437 escuelas, en beneficio de 50 mil 591 alumnas y alumnos.<\/p>\n\n\n\n<p>A\u00f1adi\u00f3 que los censos se realizar\u00e1n a trav\u00e9s de cuatro estaciones: medici\u00f3n de peso y talla, salud visual, salud bucal y promoci\u00f3n de estilos saludables.<\/p>\n\n\n\n<p>La directora general del Sistema DIF Oaxaca, Maribel Salinas Velasco explic\u00f3 que el organismo asistencial participar\u00e1 en las actividades relacionadas con la medici\u00f3n de peso y talla de las y los estudiantes de los centros educativos pertenecientes al IEEPO y al Consejo Nacional de Fomento Educativo (Conafe).<\/p>\n\n\n\n<p>Adem\u00e1s, informar\u00e1 al familiar de la ni\u00f1a o ni\u00f1o, todos los pasos, procedimientos y requerimientos para efectuar las mediciones de peso, de modo que conozcan el proceso y apoyen en la toma de las mediciones.<\/p>\n","protected":false},"excerpt":{"rendered":"<p>Redacci\u00f3n\/Zona Roja.&nbsp; Oaxaca de Ju\u00e1rez, Oax., a 13 de marzo de 2025.- Para convertir a&hellip;<\/p>\n","protected":false},"author":2,"featured_media":78397,"comment_status":"closed","ping_status":"open","sticky":false,"template":"","format":"standard","meta":{"_lmt_disableupdate":"","_lmt_disable":"","_jetpack_memberships_contains_paid_content":false,"footnotes":""},"categories":[109,46],"tags":[939],"class_list":["post-78396","post","type-post","status-publish","format-standard","has-post-thumbnail","hentry","category-minuto-a-minuto","category-zona-blanca","tag-salomon-jara-cruz"],"jetpack_featured_media_url":"https:\/\/zonaroja.com.mx\/wp-content\/uploads\/2025\/03\/Oaxaca-se-suma-a-la-estrategia-Vive-saludable-vive-feliz-5.jpeg","jetpack_sharing_enabled":true,"_links":{"self":[{"href":"https:\/\/zonaroja.com.mx\/index.php?rest_route=\/wp\/v2\/posts\/78396","targetHints":{"allow":["GET"]}}],"collection":[{"href":"https:\/\/zonaroja.com.mx\/index.php?rest_route=\/wp\/v2\/posts"}],"about":[{"href":"https:\/\/zonaroja.com.mx\/index.php?rest_route=\/wp\/v2\/types\/post"}],"author":[{"embeddable":true,"href":"https:\/\/zonaroja.com.mx\/index.php?rest_route=\/wp\/v2\/users\/2"}],"replies":[{"embeddable":true,"href":"https:\/\/zonaroja.com.mx\/index.php?rest_route=%2Fwp%2Fv2%2Fcomments&post=78396"}],"version-history":[{"count":1,"href":"https:\/\/zonaroja.com.mx\/index.php?rest_route=\/wp\/v2\/posts\/78396\/revisions"}],"predecessor-version":[{"id":78398,"href":"https:\/\/zonaroja.com.mx\/index.php?rest_route=\/wp\/v2\/posts\/78396\/revisions\/78398"}],"wp:featuredmedia":[{"embeddable":true,"href":"https:\/\/zonaroja.com.mx\/index.php?rest_route=\/wp\/v2\/media\/78397"}],"wp:attachment":[{"href":"https:\/\/zonaroja.com.mx\/index.php?rest_route=%2Fwp%2Fv2%2Fmedia&parent=78396"}],"wp:term":[{"taxonomy":"category","embeddable":true,"href":"https:\/\/zonaroja.com.mx\/index.php?rest_route=%2Fwp%2Fv2%2Fcategories&post=78396"},{"taxonomy":"post_tag","embeddable":true,"href":"https:\/\/zonaroja.com.mx\/index.php?rest_route=%2Fwp%2Fv2%2Ftags&post=78396"}],"curies":[{"name":"wp","href":"https:\/\/api.w.org\/{rel}","templated":true}]}}