{"id":78402,"date":"2025-03-13T17:00:00","date_gmt":"2025-03-13T23:00:00","guid":{"rendered":"https:\/\/zonaroja.com.mx\/?p=78402"},"modified":"2025-03-13T16:31:57","modified_gmt":"2025-03-13T22:31:57","slug":"condenan-organizaciones-sociales-represion-del-edil-de-miahuatlan","status":"publish","type":"post","link":"https:\/\/zonaroja.com.mx\/?p=78402","title":{"rendered":"Condenan organizaciones sociales represi\u00f3n del edil de Miahuatl\u00e1n"},"content":{"rendered":"\n<p>Raymundo Morales\/Zona Roja.<\/p>\n\n\n\n<p>Oaxaca de Ju\u00e1rez, Oax., a 13 de marzo de 2025.- Agrupaciones aglutinadas en el Frente de Organizaciones Oaxaque\u00f1as (FORO) condenaron los actos de represi\u00f3n del presidente municipal de Miahuatl\u00e1n de Porfirio D\u00edaz, C\u00e9sar Figueroa y su auxiliar Arturo Valadez, por el uso de la fuerza p\u00fablica en contra de los comerciantes.<\/p>\n\n\n\n<p>Durante una protesta efectuada en el exterior del Palacio de Gobierno de Oaxaca, dieron a conocer que como resultado de ello, hay tres personas heridas graves en la cabeza; uno de ellos se encuentra hospitalizado en estado grave debati\u00e9ndose entre la vida y la muerte, otros m\u00e1s con lesiones no menos graves e intoxicados por los gases.<\/p>\n\n\n\n<p>\u201cEl presidente Cesar Figueroa a trav\u00e9s de los medios de desinformaci\u00f3n a su servicio han emprendido una campa\u00f1a de odio y estigmatizaci\u00f3n en contra de compa\u00f1eros comerciantes del Codedi para justificar posteriormente lo que har\u00eda, el desalojo violento de compa\u00f1eros que dignamente trabajan desde hace ya muchos a\u00f1os en estos espacios p\u00fablicos ante la falta de espacios alternativos en el municipio\u201d.<\/p>\n\n\n\n<p>Recriminaron que el propio edil, surgido del Partido Morena, haya hecho llamados a los habitantes de Miahuatl\u00e1n para reprimir a los manifestantes, que son comerciantes ambulantes.<\/p>\n\n\n\n<p>\u201cFueron grupos de choque pagados por el presidente y organizados por Arturo Valadez y la polic\u00eda municipal quienes golpearon a nuestras compa\u00f1eras y compa\u00f1eros\u201d, se\u00f1alaron.<\/p>\n\n\n\n<p>Agregaron que no es la primera vez que se utiliza este discurso de supuesta confrontaci\u00f3n de pueblo contra el pueblo.<\/p>\n\n\n\n<p>\u201cEste m\u00e9todo de represi\u00f3n es una caracter\u00edstica de este r\u00e9gimen&nbsp;morenista. Son viejas pr\u00e1cticas que han venido utilizando los gobiernos anteriores que utilizan la ley del garrote ante la innegable incapacidad de gobernar y la nula voluntad de resolver los problemas que nos aquejan como sociedad y hacen uso de este m\u00e9todo para as\u00ed lavarse las manos de cualquier responsabilidad\u201d.<\/p>\n\n\n\n<p>Refirieron que a inicios de a\u00f1o, hubo una pl\u00e1tica entre ambas partes para generar alternativas laborales y el presidente municipal les hab\u00eda prometido ubicarles en espacios regulados nuevos como un mercado, mientras pod\u00edan seguir trabajando en d\u00f3nde siempre lo han hecho, pues no cuentan con los recursos suficientes para rentar un local de m\u00e1s de 16 mil pesos.&nbsp;<\/p>\n\n\n\n<p>No obstante, fueron reprimidos ayer, por lo que consideraron que la demostraci\u00f3n de un gobierno que antepone la violencia, fomenta el odio y reprime a su propio pueblo, son las caracter\u00edsticas de un tirano en el poder.<\/p>\n\n\n\n<p>Por ello, demandaron la desaparici\u00f3n de poderes en Miahuatl\u00e1n de Porfirio D\u00edaz y c\u00e1rcel a quienes los reprimieron. Hasta la tarde de hoy, continuaban en el exterior del Palacio de Gobierno, en busca de atenci\u00f3n gubernamental.<\/p>\n","protected":false},"excerpt":{"rendered":"<p>Raymundo Morales\/Zona Roja. Oaxaca de Ju\u00e1rez, Oax., a 13 de marzo de 2025.- Agrupaciones aglutinadas&hellip;<\/p>\n","protected":false},"author":2,"featured_media":78403,"comment_status":"closed","ping_status":"open","sticky":false,"template":"","format":"standard","meta":{"_lmt_disableupdate":"","_lmt_disable":"","_jetpack_memberships_contains_paid_content":false,"footnotes":""},"categories":[109,47],"tags":[169],"class_list":["post-78402","post","type-post","status-publish","format-standard","has-post-thumbnail","hentry","category-minuto-a-minuto","category-zona-gris","tag-miahuatlan-de-porfirio-diaz"],"jetpack_featured_media_url":"https:\/\/zonaroja.com.mx\/wp-content\/uploads\/2025\/03\/Protesta-comerciantes-Miahuatlan.jpg","jetpack_sharing_enabled":true,"_links":{"self":[{"href":"https:\/\/zonaroja.com.mx\/index.php?rest_route=\/wp\/v2\/posts\/78402","targetHints":{"allow":["GET"]}}],"collection":[{"href":"https:\/\/zonaroja.com.mx\/index.php?rest_route=\/wp\/v2\/posts"}],"about":[{"href":"https:\/\/zonaroja.com.mx\/index.php?rest_route=\/wp\/v2\/types\/post"}],"author":[{"embeddable":true,"href":"https:\/\/zonaroja.com.mx\/index.php?rest_route=\/wp\/v2\/users\/2"}],"replies":[{"embeddable":true,"href":"https:\/\/zonaroja.com.mx\/index.php?rest_route=%2Fwp%2Fv2%2Fcomments&post=78402"}],"version-history":[{"count":1,"href":"https:\/\/zonaroja.com.mx\/index.php?rest_route=\/wp\/v2\/posts\/78402\/revisions"}],"predecessor-version":[{"id":78404,"href":"https:\/\/zonaroja.com.mx\/index.php?rest_route=\/wp\/v2\/posts\/78402\/revisions\/78404"}],"wp:featuredmedia":[{"embeddable":true,"href":"https:\/\/zonaroja.com.mx\/index.php?rest_route=\/wp\/v2\/media\/78403"}],"wp:attachment":[{"href":"https:\/\/zonaroja.com.mx\/index.php?rest_route=%2Fwp%2Fv2%2Fmedia&parent=78402"}],"wp:term":[{"taxonomy":"category","embeddable":true,"href":"https:\/\/zonaroja.com.mx\/index.php?rest_route=%2Fwp%2Fv2%2Fcategories&post=78402"},{"taxonomy":"post_tag","embeddable":true,"href":"https:\/\/zonaroja.com.mx\/index.php?rest_route=%2Fwp%2Fv2%2Ftags&post=78402"}],"curies":[{"name":"wp","href":"https:\/\/api.w.org\/{rel}","templated":true}]}}