{"id":78405,"date":"2025-03-13T17:38:00","date_gmt":"2025-03-13T23:38:00","guid":{"rendered":"https:\/\/zonaroja.com.mx\/?p=78405"},"modified":"2025-03-13T16:40:59","modified_gmt":"2025-03-13T22:40:59","slug":"invalida-tribunal-eleccion-en-comunidad-de-oaxaca-porque-eligieron-solo-a-hombres","status":"publish","type":"post","link":"https:\/\/zonaroja.com.mx\/?p=78405","title":{"rendered":"Invalida Tribunal elecci\u00f3n en comunidad de Oaxaca porque eligieron solo a hombres"},"content":{"rendered":"\n<p>Redacci\u00f3n\/Zona Roja.<\/p>\n\n\n\n<p>Oaxaca de Ju\u00e1rez, Oax., a 13 de marzo de 2025.- El Tribunal Electoral del Estado de Oaxaca (TEEO, declar\u00f3 la invalidez de la elecci\u00f3n de autoridades de la agencia municipal de San Marcos Zacatepec, Juquila, ya que vulneraron el principio de paridad y no regresi\u00f3n.<\/p>\n\n\n\n<p>El TEEO advirti\u00f3 que, de las dos actas de asamblea levantadas en la misma fecha, coinciden en que en la elecci\u00f3n de autoridades para el presente a\u00f1o, resultaron electos \u00fanicamente hombres.<\/p>\n\n\n\n<p>\u201cNo se garantiz\u00f3 la representaci\u00f3n en la integraci\u00f3n de la autoridad de la agencia municipal conforme al principio de paridad y de no regresi\u00f3n\u201d, se lee en la sentencia.<\/p>\n\n\n\n<p>El Juicio de la Ciudadan\u00eda con clave: &nbsp;JDCI\/01\/2025, fue promovido por mujeres de esa agencia, en contra del agente municipal, presidente y secretario del Consejo de Ancianos, integrantes de la Mesa de los Debates de dicha comunidad y del presidente del ayuntamiento de Santa Catarina Juquila.<\/p>\n\n\n\n<p>Por unanimidad, el pleno declar\u00f3 jur\u00eddicamente no v\u00e1lida la elecci\u00f3n de la agencia municipal de San Marcos Zacatepec, celebrada el cinco de enero de 2025.<\/p>\n\n\n\n<p>En sesi\u00f3n p\u00fablica, el Tribunal tambi\u00e9n advirti\u00f3 un retroceso en los derechos pol\u00edtico-electorales de las mujeres en esa localidad, ya que, en los a\u00f1os 2022 y 2024, fueron electas dos mujeres; en cambio, en este proceso de lecci\u00f3n no se realiz\u00f3 una postulaci\u00f3n real de las mujeres en la comunidad.<\/p>\n\n\n\n<p>\u201cNo basta que las mujeres sean postuladas, sino, que tengan la posibilidad real de poder acceder a los cargos para los cuales fueron propuestas\u201d, se\u00f1al\u00f3 el TEEO.<\/p>\n\n\n\n<p>Respecto al agravio manifestado por sobre Violencia Pol\u00edtica en Raz\u00f3n de G\u00e9nero (VPRG), este no se acredit\u00f3, ya que no existen elementos de prueba suficientes con los que se advierta que las actoras de manera particular sufrieron alg\u00fan tipo de violencia<\/p>\n\n\n\n<p>En relaci\u00f3n al juicio con clave JDC\/30\/2025, este Tribunal declar\u00f3 la obstrucci\u00f3n al ejercicio del cargo por parte de la presidenta del municipio de San Agust\u00edn Amatengo, en contra de una concejal electa por el principio de representaci\u00f3n proporcional.<\/p>\n\n\n\n<p>Lo anterior, en virtud de que la autoridad responsable se instal\u00f3 sin la totalidad de los miembros propietarios electos, sin haber notificado a la concejal postulada por el partido del Partido Revolucionario Institucional (PRI), para asumir su cargo como lo establece la Ley Org\u00e1nica municipal, en el art\u00edculo 41.&nbsp;&nbsp;<\/p>\n\n\n\n<p>El TEEO dej\u00f3 sin efectos la sesi\u00f3n de cabildo celebrada el 6 de febrero en ese municipio, \u201c\u00fanicamente por lo que respecta al pase de lista y toma de protesta de la Regidora de Servicios Primarios, a efecto de que se realice el procedimiento respectivo y conforme a lo razonado en el proyecto de sentencia\u201d.&nbsp;<\/p>\n","protected":false},"excerpt":{"rendered":"<p>Redacci\u00f3n\/Zona Roja. Oaxaca de Ju\u00e1rez, Oax., a 13 de marzo de 2025.- El Tribunal Electoral&hellip;<\/p>\n","protected":false},"author":2,"featured_media":78406,"comment_status":"closed","ping_status":"open","sticky":false,"template":"","format":"standard","meta":{"_lmt_disableupdate":"","_lmt_disable":"","_jetpack_memberships_contains_paid_content":false,"footnotes":""},"categories":[109,47],"tags":[2921],"class_list":["post-78405","post","type-post","status-publish","format-standard","has-post-thumbnail","hentry","category-minuto-a-minuto","category-zona-gris","tag-san-marcos-zacatepec-juquila"],"jetpack_featured_media_url":"https:\/\/zonaroja.com.mx\/wp-content\/uploads\/2025\/03\/San-Marcos-Zacatepec.jpg","jetpack_sharing_enabled":true,"_links":{"self":[{"href":"https:\/\/zonaroja.com.mx\/index.php?rest_route=\/wp\/v2\/posts\/78405","targetHints":{"allow":["GET"]}}],"collection":[{"href":"https:\/\/zonaroja.com.mx\/index.php?rest_route=\/wp\/v2\/posts"}],"about":[{"href":"https:\/\/zonaroja.com.mx\/index.php?rest_route=\/wp\/v2\/types\/post"}],"author":[{"embeddable":true,"href":"https:\/\/zonaroja.com.mx\/index.php?rest_route=\/wp\/v2\/users\/2"}],"replies":[{"embeddable":true,"href":"https:\/\/zonaroja.com.mx\/index.php?rest_route=%2Fwp%2Fv2%2Fcomments&post=78405"}],"version-history":[{"count":1,"href":"https:\/\/zonaroja.com.mx\/index.php?rest_route=\/wp\/v2\/posts\/78405\/revisions"}],"predecessor-version":[{"id":78407,"href":"https:\/\/zonaroja.com.mx\/index.php?rest_route=\/wp\/v2\/posts\/78405\/revisions\/78407"}],"wp:featuredmedia":[{"embeddable":true,"href":"https:\/\/zonaroja.com.mx\/index.php?rest_route=\/wp\/v2\/media\/78406"}],"wp:attachment":[{"href":"https:\/\/zonaroja.com.mx\/index.php?rest_route=%2Fwp%2Fv2%2Fmedia&parent=78405"}],"wp:term":[{"taxonomy":"category","embeddable":true,"href":"https:\/\/zonaroja.com.mx\/index.php?rest_route=%2Fwp%2Fv2%2Fcategories&post=78405"},{"taxonomy":"post_tag","embeddable":true,"href":"https:\/\/zonaroja.com.mx\/index.php?rest_route=%2Fwp%2Fv2%2Ftags&post=78405"}],"curies":[{"name":"wp","href":"https:\/\/api.w.org\/{rel}","templated":true}]}}