{"id":78411,"date":"2025-03-14T07:30:00","date_gmt":"2025-03-14T13:30:00","guid":{"rendered":"https:\/\/zonaroja.com.mx\/?p=78411"},"modified":"2025-03-14T05:55:26","modified_gmt":"2025-03-14T11:55:26","slug":"detienen-en-puebla-a-presunto-homicida-oaxaqueno","status":"publish","type":"post","link":"https:\/\/zonaroja.com.mx\/?p=78411","title":{"rendered":"Detienen en Puebla a presunto homicida oaxaque\u00f1o"},"content":{"rendered":"\n<p>Redacci\u00f3n\/Zona Roja.&nbsp;<\/p>\n\n\n\n<p>Oaxaca de Ju\u00e1rez, Oax., a 13 de marzo de 2025.- La Fiscal\u00eda General del Estado de Oaxaca (FGEO), en colaboraci\u00f3n interinstitucional con la Fiscal\u00eda de Puebla, ejecutaron una orden de aprehensi\u00f3n que permiti\u00f3 la detenci\u00f3n de una persona del sexo masculino identificado como A.G.H., por el delito de homicidio calificado con ventaja y tentativa de homicidio calificado, ocurrido en la regi\u00f3n de la Mixteca.<\/p>\n\n\n\n<p>De acuerdo al expediente penal del caso, los hechos ocurrieron el 14 de febrero de 2018, cuando las v\u00edctimas -identificadas como A.M.S. y J.A.S.L.- se encontraban en el interior del Instituto Mexicano del Seguro Social (IMSS), ubicado en la colonia Soledad de Huajuapan de Le\u00f3n, lugar donde fueron atacadas con disparos de arma de fuego, privando de la vida a una de ellas y dejando con severas lesiones a la otra.<\/p>\n\n\n\n<p>Una vez que la FGEO tom\u00f3 conocimiento del caso, despleg\u00f3 a un equipo multidisciplinario de la Vicefiscal\u00eda Regional de la Mixteca que acudi\u00f3 al lugar de los hechos y, derivado de las investigaciones, logr\u00f3 obtener una orden de aprehensi\u00f3n en contra de A.G.H.<\/p>\n\n\n\n<p>Una vez realizadas las labores de localizaci\u00f3n, se pudo establecer que A.G.H. se encontraban en Puebla, por lo que se solicit\u00f3 la colaboraci\u00f3n de la Fiscal\u00eda de Puebla para la ejecuci\u00f3n de la orden de pensi\u00f3n en su contra, siendo detenido en la localidad de San Bartolo, para posteriormente iniciar los tr\u00e1mites legales para su traslado a Oaxaca.<\/p>\n\n\n\n<p>Una vez que fue puesto a disposici\u00f3n de la autoridad competente y derivado de las pruebas ministeriales presentadas, la autoridad judicial le comunic\u00f3 imputaci\u00f3n e impuso la medida cautelar de prisi\u00f3n preventiva oficiosa, adem\u00e1s de otorgarle dos meses para el cierre de la investigaci\u00f3n complementaria.<\/p>\n\n\n\n<p>VINCULADA A PROCESO<\/p>\n\n\n\n<p>Por otra parte, la Fiscal\u00eda General obtuvo auto de vinculaci\u00f3n a procesos en contra de una mujer identificada como A.M.C., ex presidenta municipal de M\u00e1rtires de Tacubaya, imputada por el delito contra la salud en agravio de la sociedad.<\/p>\n\n\n\n<p>De acuerdo con el expediente penal, la detenci\u00f3n se realiz\u00f3 durante un recorrido de vigilancia que realizaban las fuerzas de seguridad en inmediaciones del municipio de M\u00e1rtires de Tacubaya, cuando Agentes Estatales de Investigaci\u00f3n se percataron que la mujer -quien se desempe\u00f1\u00f3 como presidenta municipal de esa localidad en el periodo 2016-2018- mostraba una actitud sospechosa cuando se trasladaba en una motocicleta con otra persona, la cual se dio a la fuga.<\/p>\n\n\n\n<p>Tras estos hechos, la mujer fue detenida por elementos de seguridad, quienes realizaron una inspecci\u00f3n que permiti\u00f3 encontrar en sus pertenencias diversas dosis de drogas de la droga conocida como cristal, por estos hechos, A.M.C.&nbsp; fue puesta a disposici\u00f3n de la autoridad correspondiente.<\/p>\n\n\n\n<p>Despu\u00e9s de valorar las pruebas presentadas por al FGEO, a trav\u00e9s de la Vicefiscal\u00eda Regional de la Costa, el Juez de la causa determin\u00f3 la vinculaci\u00f3n a proceso por el delito contra la salud en agravio de la sociedad, adem\u00e1s de imponer la medida cautelar de prisi\u00f3n preventiva y otorg\u00f3 un mes para el cierre de la investigaci\u00f3n.<\/p>\n","protected":false},"excerpt":{"rendered":"<p>Redacci\u00f3n\/Zona Roja.&nbsp; Oaxaca de Ju\u00e1rez, Oax., a 13 de marzo de 2025.- La Fiscal\u00eda General&hellip;<\/p>\n","protected":false},"author":2,"featured_media":78412,"comment_status":"closed","ping_status":"open","sticky":false,"template":"","format":"standard","meta":{"_lmt_disableupdate":"","_lmt_disable":"","_jetpack_memberships_contains_paid_content":false,"footnotes":""},"categories":[109,46],"tags":[494],"class_list":["post-78411","post","type-post","status-publish","format-standard","has-post-thumbnail","hentry","category-minuto-a-minuto","category-zona-blanca","tag-fiscalia-general-del-estado-de-oaxaca"],"jetpack_featured_media_url":"https:\/\/zonaroja.com.mx\/wp-content\/uploads\/2025\/03\/Homicida-de-Huajuapan-detenido-en-Puebla.jpg","jetpack_sharing_enabled":true,"_links":{"self":[{"href":"https:\/\/zonaroja.com.mx\/index.php?rest_route=\/wp\/v2\/posts\/78411","targetHints":{"allow":["GET"]}}],"collection":[{"href":"https:\/\/zonaroja.com.mx\/index.php?rest_route=\/wp\/v2\/posts"}],"about":[{"href":"https:\/\/zonaroja.com.mx\/index.php?rest_route=\/wp\/v2\/types\/post"}],"author":[{"embeddable":true,"href":"https:\/\/zonaroja.com.mx\/index.php?rest_route=\/wp\/v2\/users\/2"}],"replies":[{"embeddable":true,"href":"https:\/\/zonaroja.com.mx\/index.php?rest_route=%2Fwp%2Fv2%2Fcomments&post=78411"}],"version-history":[{"count":1,"href":"https:\/\/zonaroja.com.mx\/index.php?rest_route=\/wp\/v2\/posts\/78411\/revisions"}],"predecessor-version":[{"id":78413,"href":"https:\/\/zonaroja.com.mx\/index.php?rest_route=\/wp\/v2\/posts\/78411\/revisions\/78413"}],"wp:featuredmedia":[{"embeddable":true,"href":"https:\/\/zonaroja.com.mx\/index.php?rest_route=\/wp\/v2\/media\/78412"}],"wp:attachment":[{"href":"https:\/\/zonaroja.com.mx\/index.php?rest_route=%2Fwp%2Fv2%2Fmedia&parent=78411"}],"wp:term":[{"taxonomy":"category","embeddable":true,"href":"https:\/\/zonaroja.com.mx\/index.php?rest_route=%2Fwp%2Fv2%2Fcategories&post=78411"},{"taxonomy":"post_tag","embeddable":true,"href":"https:\/\/zonaroja.com.mx\/index.php?rest_route=%2Fwp%2Fv2%2Ftags&post=78411"}],"curies":[{"name":"wp","href":"https:\/\/api.w.org\/{rel}","templated":true}]}}