{"id":78414,"date":"2025-03-14T08:15:00","date_gmt":"2025-03-14T14:15:00","guid":{"rendered":"https:\/\/zonaroja.com.mx\/?p=78414"},"modified":"2025-03-14T06:14:29","modified_gmt":"2025-03-14T12:14:29","slug":"vigente-sala-indigena-del-poder-judicial-reforma-favorece-a-pueblos-bvm","status":"publish","type":"post","link":"https:\/\/zonaroja.com.mx\/?p=78414","title":{"rendered":"Vigente, Sala Ind\u00edgena del Poder Judicial; reforma favorece a pueblos: BVM"},"content":{"rendered":"\n<p>Raymundo Morales\/Zona Roja.<\/p>\n\n\n\n<p>Oaxaca de Ju\u00e1rez, Oax., a 14 de marzo de 2025.- La reforma al Poder Judicial del Estado no afecta derechos de pueblos y comunidades; por el contrario la fortalece y mantiene vigente la Sala de Justicia Ind\u00edgena.<\/p>\n\n\n\n<p>As\u00ed lo consider\u00f3 el presidente de la Junta de Coordinaci\u00f3n Pol\u00edtica (Jucopo) de la 66 Legislatura del Congreso, Benjam\u00edn Viveros Montalvo, quien rechaz\u00f3 las versiones acerca de la afectaci\u00f3n al Tribunal Superior de Justicia.<\/p>\n\n\n\n<p>De acuerdo con los detalles del proyecto de decreto de la reforma aprobada el pasado mi\u00e9rcoles, la Constituci\u00f3n local no establece de manera expresa la existencia de una Sala Ind\u00edgena; si bien, en su art\u00edculo 16, reconoce los derechos de los pueblos y comunidades ind\u00edgenas y afromexicanos, entre ellos, su personalidad jur\u00eddica.<\/p>\n\n\n\n<p>Fue en diciembre de 2015 que se cre\u00f3 la Sala de Justicia Ind\u00edgena del Tribunal Superior de Justicia de Oaxaca, en la fracci\u00f3n V del art\u00edculo 23 de la Ley Org\u00e1nica del Poder Judicial de Oaxaca, misma que a la fecha sigue vigente y en funciones.<\/p>\n\n\n\n<p>\u201cEl articulo 106 de la Constituci\u00f3n no fue reformado, y es el que establece que: \u2018corresponde al Pleno del Tribunal Superior de Justicia: \u2026 establecer y ponderar criterios de homologaci\u00f3n y adecuaci\u00f3n en la aplicaci\u00f3n de las normas estatales y las normas ind\u00edgenas en el marco del pluralismo jur\u00eddico; as\u00ed como resolver los conflictos derivados de los \u00e1mbitos de competencia entre la jurisdicci\u00f3n ind\u00edgena y la jurisdicci\u00f3n estatal; Formar y aprobar el Reglamento Interior del Tribunal\u201d, destac\u00f3 Viveros Montalvo.<\/p>\n\n\n\n<p>Apunt\u00f3 que la reducci\u00f3n a 16 magistrados tampoco implica la desaparici\u00f3n de la especializaci\u00f3n de las Salas, ni un cambio del sistema de justicia.<\/p>\n\n\n\n<p>\u201cEs una cuesti\u00f3n de reestructura y redistribuci\u00f3n, actualmente, existen salas en materia penal, civil y familiar, as\u00ed como tres salas especializadas, en materia ind\u00edgena, constitucional y en justicia integral para adolescentes, las cuales, son materia de organizaci\u00f3n de la Ley Org\u00e1nica\u201d.<\/p>\n\n\n\n<p>El tambi\u00e9n coordinador de la fracci\u00f3n parlamentaria de Morena en el Congreso del Estado reiter\u00f3:<\/p>\n\n\n\n<p>\u201cNo tienen sustento los argumentos que aluden que con la reforma constitucional en materia del poder judicial se desaparece esta sala emblem\u00e1tica en nuestro estado, ya que es en la Ley Org\u00e1nica donde est\u00e1 regulada y esta ley no fue motivo de la reforma\u201d.<\/p>\n","protected":false},"excerpt":{"rendered":"<p>Raymundo Morales\/Zona Roja. Oaxaca de Ju\u00e1rez, Oax., a 14 de marzo de 2025.- La reforma&hellip;<\/p>\n","protected":false},"author":2,"featured_media":74664,"comment_status":"closed","ping_status":"open","sticky":false,"template":"","format":"standard","meta":{"_lmt_disableupdate":"","_lmt_disable":"","_jetpack_memberships_contains_paid_content":false,"footnotes":""},"categories":[109,46],"tags":[303],"class_list":["post-78414","post","type-post","status-publish","format-standard","has-post-thumbnail","hentry","category-minuto-a-minuto","category-zona-blanca","tag-congreso-del-estado-de-oaxaca"],"jetpack_featured_media_url":"https:\/\/zonaroja.com.mx\/wp-content\/uploads\/2024\/11\/Benjamin-Viveros.jpg","jetpack_sharing_enabled":true,"_links":{"self":[{"href":"https:\/\/zonaroja.com.mx\/index.php?rest_route=\/wp\/v2\/posts\/78414","targetHints":{"allow":["GET"]}}],"collection":[{"href":"https:\/\/zonaroja.com.mx\/index.php?rest_route=\/wp\/v2\/posts"}],"about":[{"href":"https:\/\/zonaroja.com.mx\/index.php?rest_route=\/wp\/v2\/types\/post"}],"author":[{"embeddable":true,"href":"https:\/\/zonaroja.com.mx\/index.php?rest_route=\/wp\/v2\/users\/2"}],"replies":[{"embeddable":true,"href":"https:\/\/zonaroja.com.mx\/index.php?rest_route=%2Fwp%2Fv2%2Fcomments&post=78414"}],"version-history":[{"count":1,"href":"https:\/\/zonaroja.com.mx\/index.php?rest_route=\/wp\/v2\/posts\/78414\/revisions"}],"predecessor-version":[{"id":78415,"href":"https:\/\/zonaroja.com.mx\/index.php?rest_route=\/wp\/v2\/posts\/78414\/revisions\/78415"}],"wp:featuredmedia":[{"embeddable":true,"href":"https:\/\/zonaroja.com.mx\/index.php?rest_route=\/wp\/v2\/media\/74664"}],"wp:attachment":[{"href":"https:\/\/zonaroja.com.mx\/index.php?rest_route=%2Fwp%2Fv2%2Fmedia&parent=78414"}],"wp:term":[{"taxonomy":"category","embeddable":true,"href":"https:\/\/zonaroja.com.mx\/index.php?rest_route=%2Fwp%2Fv2%2Fcategories&post=78414"},{"taxonomy":"post_tag","embeddable":true,"href":"https:\/\/zonaroja.com.mx\/index.php?rest_route=%2Fwp%2Fv2%2Ftags&post=78414"}],"curies":[{"name":"wp","href":"https:\/\/api.w.org\/{rel}","templated":true}]}}