{"id":78416,"date":"2025-03-14T09:14:00","date_gmt":"2025-03-14T15:14:00","guid":{"rendered":"https:\/\/zonaroja.com.mx\/?p=78416"},"modified":"2025-03-14T06:30:43","modified_gmt":"2025-03-14T12:30:43","slug":"lleva-ong-al-estado-mexicano-a-audiencia-en-la-onu-por-caso-en-oaxaca","status":"publish","type":"post","link":"https:\/\/zonaroja.com.mx\/?p=78416","title":{"rendered":"Lleva ONG al Estado mexicano a audiencia en la ONU, por caso en Oaxaca"},"content":{"rendered":"\n<p>Ismael Garc\u00eda M.\/Zona Roja.<\/p>\n\n\n\n<p>Oaxaca de Ju\u00e1rez, Oax., a 14 de marzo de 2025.- Por un caso de desaparici\u00f3n forzada de una persona ocurrida en Oaxaca en el a\u00f1o 2017, el Estado mexicano comparecer\u00e1 ante la ONU, con sede en Ginebra, Suiza.<\/p>\n\n\n\n<p>De acuerdo con el Centro de Derechos Humanos y Asesor\u00eda a Pueblos Ind\u00edgenas (Cedhapi), ser\u00e1 ante el Comit\u00e9 Contra la Desaparici\u00f3n Forzada de la ONU, el pr\u00f3ximo 17 de marzo.<\/p>\n\n\n\n<p>Deber\u00e1n estar acudir representantes del Estado mexicano, la Embajadora y Representante Permanente de M\u00e9xico en Ginebra, Francisca Elizabeth M\u00e9ndez Escobar; y representando al Gobierno del Estado de Oaxaca, la coordinadora de Derechos Humanos, Flor Estela Morales Hern\u00e1ndez.<\/p>\n\n\n\n<p>As\u00ed mismo, otros seis funcionarios m\u00e1s de la Misi\u00f3n de M\u00e9xico en Ginebra; por parte de los autores de la comunicaci\u00f3n comparecer\u00e1n Pedro Ram\u00edrez Barrios familiar de la persona desparecida Alexis Mar\u00edn Ram\u00edrez; tambi\u00e9n Maurilio Santiago Reyes y dos integrantes m\u00e1s del Cedhapi, como organizaci\u00f3n que acompa\u00f1a el caso. &nbsp;<\/p>\n\n\n\n<p>Dicha audiencia ser\u00e1 presidida por el presidente del Comit\u00e9 Contra la Desaparici\u00f3n Forzada de la ONU, Oliver de Frouville.<\/p>\n\n\n\n<p>Se abordar\u00e1n temas espec\u00edficos sobre la desaparici\u00f3n forzada de Alexis Mar\u00edn Ram\u00edrez, entonces de 20 a\u00f1os de edad, quien fue visto por \u00faltima vez el d\u00eda 7 de noviembre del 2017, sobre la carretera que comunica de la poblaci\u00f3n de San Miguel El Grande, Tlaxiaco, Oaxaca, a la Heroica Ciudad&nbsp; de Tlaxiaco, a un kil\u00f3metro antes del poblado de Palo de Letra.<\/p>\n\n\n\n<p>Por el caso se encuentra integrada la Carpeta de Investigaci\u00f3n 03\/CCUEDF\/2019 ante el Agente del Ministerio P\u00fablico de la Unidad Especializada en Personas Desaparecidas de la Fiscal\u00eda General del Estado de Oaxaca.<\/p>\n\n\n\n<p>\u201cEn esta audiencia se evidenciara por parte de los autores de la comunicaci\u00f3n la falta de investigaci\u00f3n y el retardo injustificado efectuado por la Fiscal\u00eda General del Estado de Oaxaca, y tambi\u00e9n se abordara el contexto Regional y Nacional de las Desapariciones Forzadas en M\u00e9xico\u201d, inform\u00f3 el Cedhapi.<\/p>\n","protected":false},"excerpt":{"rendered":"<p>Ismael Garc\u00eda M.\/Zona Roja. Oaxaca de Ju\u00e1rez, Oax., a 14 de marzo de 2025.- Por&hellip;<\/p>\n","protected":false},"author":2,"featured_media":78417,"comment_status":"closed","ping_status":"open","sticky":false,"template":"","format":"standard","meta":{"_lmt_disableupdate":"","_lmt_disable":"","_jetpack_memberships_contains_paid_content":false,"footnotes":""},"categories":[109,46],"tags":[4250],"class_list":["post-78416","post","type-post","status-publish","format-standard","has-post-thumbnail","hentry","category-minuto-a-minuto","category-zona-blanca","tag-alexis-marin-ramirez"],"jetpack_featured_media_url":"https:\/\/zonaroja.com.mx\/wp-content\/uploads\/2025\/03\/Alexis-Marin-Ramirez.jpg","jetpack_sharing_enabled":true,"_links":{"self":[{"href":"https:\/\/zonaroja.com.mx\/index.php?rest_route=\/wp\/v2\/posts\/78416","targetHints":{"allow":["GET"]}}],"collection":[{"href":"https:\/\/zonaroja.com.mx\/index.php?rest_route=\/wp\/v2\/posts"}],"about":[{"href":"https:\/\/zonaroja.com.mx\/index.php?rest_route=\/wp\/v2\/types\/post"}],"author":[{"embeddable":true,"href":"https:\/\/zonaroja.com.mx\/index.php?rest_route=\/wp\/v2\/users\/2"}],"replies":[{"embeddable":true,"href":"https:\/\/zonaroja.com.mx\/index.php?rest_route=%2Fwp%2Fv2%2Fcomments&post=78416"}],"version-history":[{"count":1,"href":"https:\/\/zonaroja.com.mx\/index.php?rest_route=\/wp\/v2\/posts\/78416\/revisions"}],"predecessor-version":[{"id":78418,"href":"https:\/\/zonaroja.com.mx\/index.php?rest_route=\/wp\/v2\/posts\/78416\/revisions\/78418"}],"wp:featuredmedia":[{"embeddable":true,"href":"https:\/\/zonaroja.com.mx\/index.php?rest_route=\/wp\/v2\/media\/78417"}],"wp:attachment":[{"href":"https:\/\/zonaroja.com.mx\/index.php?rest_route=%2Fwp%2Fv2%2Fmedia&parent=78416"}],"wp:term":[{"taxonomy":"category","embeddable":true,"href":"https:\/\/zonaroja.com.mx\/index.php?rest_route=%2Fwp%2Fv2%2Fcategories&post=78416"},{"taxonomy":"post_tag","embeddable":true,"href":"https:\/\/zonaroja.com.mx\/index.php?rest_route=%2Fwp%2Fv2%2Ftags&post=78416"}],"curies":[{"name":"wp","href":"https:\/\/api.w.org\/{rel}","templated":true}]}}