{"id":78424,"date":"2025-03-14T13:23:58","date_gmt":"2025-03-14T19:23:58","guid":{"rendered":"https:\/\/zonaroja.com.mx\/?p=78424"},"modified":"2025-03-14T13:24:00","modified_gmt":"2025-03-14T19:24:00","slug":"aranceles-de-trump-tienen-a-mexico-al-borde-de-una-recesion-ubs","status":"publish","type":"post","link":"https:\/\/zonaroja.com.mx\/?p=78424","title":{"rendered":"Aranceles de Trump tienen a M\u00e9xico al borde de una recesi\u00f3n: UBS"},"content":{"rendered":"\n<p>Redacci\u00f3n\/Zona Roja Cdmx.<\/p>\n\n\n\n<p>Ciudad de M\u00e9xico, a 14 de marzo de 2025.- M\u00e1s all\u00e1 de que se apliquen o no de manera prolongada, los aranceles intermitentes de Donald Trump est\u00e1n afectando la confianza de los inversionistas en M\u00e9xico, lo que podr\u00eda dejar al pa\u00eds a un borde de una recesi\u00f3n, advirti\u00f3 el banco de inversi\u00f3n UBS, mismo que redujo su estimado de crecimiento para la econom\u00eda mexicana de 1 a 0 por ciento este a\u00f1o.<\/p>\n\n\n\n<p>\u201cPara M\u00e9xico, en cierto modo, el da\u00f1o ya est\u00e1 parcialmente hecho, y es muy probable que la econom\u00eda ya se encuentre en una recesi\u00f3n t\u00e9cnica (\u2026). Esperamos un crecimiento de 0 por ciento en M\u00e9xico este a\u00f1o. Si se materializan los aranceles, tendremos que reducir a\u00fan m\u00e1s\u201d, apunt\u00f3 el economista en jefe de UBS para Am\u00e9rica Latina, Rafael de la Fente.<\/p>\n\n\n\n<p>La incertidumbre sobre el rumbo de la pol\u00edtica estadunidense ha afectado considerablemente la inversi\u00f3n en construcci\u00f3n y en manufactura. La condici\u00f3n de M\u00e9xico como centro de nearshoring para prestar servicios a Estados Unidos se ha visto suspendida y esto a la vez ha afectado negativamente la creaci\u00f3n de empleo, detall\u00f3 en un reporte a inversionistas.<\/p>\n\n\n\n<p>Luego de una serie de reuniones con actores econ\u00f3micos y pol\u00edticos del pa\u00eds, el economista en jefe de UBS para Am\u00e9rica Latina concluy\u00f3 que de imponerse, los aranceles probablemente ser\u00edan de corta duraci\u00f3n debido al impacto econ\u00f3mico y financiero en Estados Unidos; adem\u00e1s de tampoco se espera que M\u00e9xico emprenda una represalia a gran escala.<\/p>\n\n\n\n<p>\u201cLos aranceles son tan costosos tanto para los Estados Unidos como para M\u00e9xico que nuestra l\u00ednea de base supone que no se implementar\u00e1n o solo permanecer\u00e1n vigentes durante un breve per\u00edodo; esperamos que cualquier represalia tenga un alcance limitado; creemos que el T-MEC probablemente sobreviva, pero con criterios de contenido local mucho m\u00e1s estrictos y aranceles externos m\u00e1s armonizados\u201d, apunt\u00f3.<\/p>\n\n\n\n<p>\u201cNo creemos que M\u00e9xico se involucre con Estados Unidos de forma rec\u00edproca, sino que podr\u00eda, en cambio, fijar aranceles sobre productos que podr\u00edan ayudar a influir en los votantes y legisladores republicanos estadunidenses en contra de los aranceles de Trump. Los granos, los productos porcinos y los licores podr\u00edan entrar en esta categor\u00eda\u201d, describi\u00f3.<\/p>\n\n\n\n<p>Agreg\u00f3 que en un caso base para un arancel del 25 por ciento, el producto interno bruto podr\u00eda caer 1.6 por ciento adicional, la inflaci\u00f3n subyacente aumentar cerca de 1.5 puntos porcentuales adicionales y el peso depreciarse 20 por ciento m\u00e1s d\u00e9bil. Este escenario tambi\u00e9n abre la posibilidad de que sea m\u00e1s laxa la pol\u00edtica monetaria del banco de M\u00e9xico, para pasar de 8 a 7.50 por ciento al cierre del a\u00f1o.<\/p>\n\n\n\n<p>En el lado pol\u00edtico, el economista de UBS observ\u00f3 que Sheinbaum est\u00e1 trazando su propio camino en varias \u00e1reas e iniciativas importantes, como la seguridad, donde ha habido un abandono impl\u00edcito de la pol\u00edtica de Andr\u00e9s Manuel L\u00f3pez Obrador (AMLO) de \u201cabrazos, no balazos\u201d frente a los c\u00e1rteles, con el secretario de Seguridad Omar Garc\u00eda Harfuch lanzando una serie de operaciones de alto perfil en medio de una mayor cooperaci\u00f3n con los Estados Unidos.<\/p>\n\n\n\n<p>Tambi\u00e9n en salud se observa una pol\u00edtica distinta, con una revisi\u00f3n completa del sistema de adquisici\u00f3n de medicamentos; en energ\u00eda, donde a pesar de algunas de las deficiencias de la reforma energ\u00e9tica recientemente aprobada, al menos ofrece a las empresas privadas un camino m\u00e1s claro hacia la inversi\u00f3n (m\u00e1s en electricidad que en petr\u00f3leo, en nuestra opini\u00f3n); y en asuntos exteriores, donde Sheinbaum ha alineado m\u00e1s directamente los intereses de M\u00e9xico con los de los Estados Unidos<\/p>\n\n\n\n<p>\u201cSi bien todos estos avances son positivos, es igualmente cierto que Sheinbaum no controla a su base pol\u00edtica con la misma firmeza que AMLO, como lo demostr\u00f3 la semana pasada el fracaso de su ley de nepotismo\u201d, sopes\u00f3.&nbsp;<\/p>\n\n\n\n<p>(Informaci\u00f3n de \u201cLa Jornada\u201d)<\/p>\n","protected":false},"excerpt":{"rendered":"<p>Redacci\u00f3n\/Zona Roja Cdmx. Ciudad de M\u00e9xico, a 14 de marzo de 2025.- M\u00e1s all\u00e1 de&hellip;<\/p>\n","protected":false},"author":2,"featured_media":78173,"comment_status":"closed","ping_status":"open","sticky":false,"template":"","format":"standard","meta":{"_lmt_disableupdate":"","_lmt_disable":"","_jetpack_memberships_contains_paid_content":false,"footnotes":""},"categories":[109,47],"tags":[4252],"class_list":["post-78424","post","type-post","status-publish","format-standard","has-post-thumbnail","hentry","category-minuto-a-minuto","category-zona-gris","tag-aranceles-mexico-estados-unidos"],"jetpack_featured_media_url":"https:\/\/zonaroja.com.mx\/wp-content\/uploads\/2025\/03\/Aranceles-exportacion-Mexico.jpg","jetpack_sharing_enabled":true,"_links":{"self":[{"href":"https:\/\/zonaroja.com.mx\/index.php?rest_route=\/wp\/v2\/posts\/78424","targetHints":{"allow":["GET"]}}],"collection":[{"href":"https:\/\/zonaroja.com.mx\/index.php?rest_route=\/wp\/v2\/posts"}],"about":[{"href":"https:\/\/zonaroja.com.mx\/index.php?rest_route=\/wp\/v2\/types\/post"}],"author":[{"embeddable":true,"href":"https:\/\/zonaroja.com.mx\/index.php?rest_route=\/wp\/v2\/users\/2"}],"replies":[{"embeddable":true,"href":"https:\/\/zonaroja.com.mx\/index.php?rest_route=%2Fwp%2Fv2%2Fcomments&post=78424"}],"version-history":[{"count":1,"href":"https:\/\/zonaroja.com.mx\/index.php?rest_route=\/wp\/v2\/posts\/78424\/revisions"}],"predecessor-version":[{"id":78425,"href":"https:\/\/zonaroja.com.mx\/index.php?rest_route=\/wp\/v2\/posts\/78424\/revisions\/78425"}],"wp:featuredmedia":[{"embeddable":true,"href":"https:\/\/zonaroja.com.mx\/index.php?rest_route=\/wp\/v2\/media\/78173"}],"wp:attachment":[{"href":"https:\/\/zonaroja.com.mx\/index.php?rest_route=%2Fwp%2Fv2%2Fmedia&parent=78424"}],"wp:term":[{"taxonomy":"category","embeddable":true,"href":"https:\/\/zonaroja.com.mx\/index.php?rest_route=%2Fwp%2Fv2%2Fcategories&post=78424"},{"taxonomy":"post_tag","embeddable":true,"href":"https:\/\/zonaroja.com.mx\/index.php?rest_route=%2Fwp%2Fv2%2Ftags&post=78424"}],"curies":[{"name":"wp","href":"https:\/\/api.w.org\/{rel}","templated":true}]}}