{"id":7843,"date":"2020-01-19T20:04:58","date_gmt":"2020-01-20T02:04:58","guid":{"rendered":"http:\/\/www.zonaroja.com.mx\/?p=7843"},"modified":"2020-01-19T20:05:01","modified_gmt":"2020-01-20T02:05:01","slug":"matan-a-balazos-a-madre-e-hija-en-putla-villa-de-guerrero-oaxaca","status":"publish","type":"post","link":"https:\/\/zonaroja.com.mx\/?p=7843","title":{"rendered":"Matan a balazos a madre e hija en Putla Villa de Guerrero, Oaxaca"},"content":{"rendered":"\n<p>Redacci\u00f3n\/Zona\nRoja.<\/p>\n\n\n\n<p>Oaxaca\nde Ju\u00e1rez, Oax., 19 de enero de 2020.- una madre de familia y su joven hija\nfueron asesinadas la tarde de este domingo en Putla Villa de Guerrero,\nmunicipio de la regi\u00f3n Sierra Sur de Oaxaca. <\/p>\n\n\n\n<p>Con\neste doble homicidio, suman tres las personas asesinadas hoy y 14 durante los\ntres d\u00edas de visita del Presidente de M\u00e9xico, Andr\u00e9s Manuel L\u00f3pez Obrador, a la\nentidad.<\/p>\n\n\n\n<p>Las mujeres fueron identificadas como Luisa Patricia S. J., de 51 a\u00f1os de edad, y Laura R. S., de 23 a\u00f1os, ultimadas por disparos de arma de fuego en una vivienda ubicada en la calle Gardenias, del fraccionamiento Bosques de las Lomas.<\/p>\n\n\n\n<p>Putla\nVilla de Guerrero es uno de los 40 municipios del estado con Alerta de Violencia\nde G\u00e9nero desde finales de agosto de 2018. Hasta el momento no se ha\nidentificado qui\u00e9n o qui\u00e9nes ultimaron a las mujeres ni los motivos.<\/p>\n","protected":false},"excerpt":{"rendered":"<p>Redacci\u00f3n\/Zona Roja. Oaxaca de Ju\u00e1rez, Oax., 19 de enero de 2020.- una madre de familia&hellip;<\/p>\n","protected":false},"author":2,"featured_media":7844,"comment_status":"closed","ping_status":"open","sticky":false,"template":"","format":"standard","meta":{"_lmt_disableupdate":"","_lmt_disable":"","_jetpack_memberships_contains_paid_content":false,"footnotes":""},"categories":[109,51],"tags":[969],"class_list":["post-7843","post","type-post","status-publish","format-standard","has-post-thumbnail","hentry","category-minuto-a-minuto","category-zona-roja","tag-putla-villa-de-guerrero"],"jetpack_featured_media_url":"https:\/\/zonaroja.com.mx\/wp-content\/uploads\/2020\/01\/Mujeres-asesinadas-Putla.jpg","jetpack_sharing_enabled":true,"_links":{"self":[{"href":"https:\/\/zonaroja.com.mx\/index.php?rest_route=\/wp\/v2\/posts\/7843","targetHints":{"allow":["GET"]}}],"collection":[{"href":"https:\/\/zonaroja.com.mx\/index.php?rest_route=\/wp\/v2\/posts"}],"about":[{"href":"https:\/\/zonaroja.com.mx\/index.php?rest_route=\/wp\/v2\/types\/post"}],"author":[{"embeddable":true,"href":"https:\/\/zonaroja.com.mx\/index.php?rest_route=\/wp\/v2\/users\/2"}],"replies":[{"embeddable":true,"href":"https:\/\/zonaroja.com.mx\/index.php?rest_route=%2Fwp%2Fv2%2Fcomments&post=7843"}],"version-history":[{"count":1,"href":"https:\/\/zonaroja.com.mx\/index.php?rest_route=\/wp\/v2\/posts\/7843\/revisions"}],"predecessor-version":[{"id":7845,"href":"https:\/\/zonaroja.com.mx\/index.php?rest_route=\/wp\/v2\/posts\/7843\/revisions\/7845"}],"wp:featuredmedia":[{"embeddable":true,"href":"https:\/\/zonaroja.com.mx\/index.php?rest_route=\/wp\/v2\/media\/7844"}],"wp:attachment":[{"href":"https:\/\/zonaroja.com.mx\/index.php?rest_route=%2Fwp%2Fv2%2Fmedia&parent=7843"}],"wp:term":[{"taxonomy":"category","embeddable":true,"href":"https:\/\/zonaroja.com.mx\/index.php?rest_route=%2Fwp%2Fv2%2Fcategories&post=7843"},{"taxonomy":"post_tag","embeddable":true,"href":"https:\/\/zonaroja.com.mx\/index.php?rest_route=%2Fwp%2Fv2%2Ftags&post=7843"}],"curies":[{"name":"wp","href":"https:\/\/api.w.org\/{rel}","templated":true}]}}