{"id":78436,"date":"2025-03-14T20:09:19","date_gmt":"2025-03-15T02:09:19","guid":{"rendered":"https:\/\/zonaroja.com.mx\/?p=78436"},"modified":"2025-03-14T20:09:21","modified_gmt":"2025-03-15T02:09:21","slug":"vuelven-las-ejecuciones-a-balazos-en-juchitan-de-zaragoza","status":"publish","type":"post","link":"https:\/\/zonaroja.com.mx\/?p=78436","title":{"rendered":"Vuelven las ejecuciones a balazos en Juchit\u00e1n de Zaragoza"},"content":{"rendered":"\n<p>Raymundo Morales\/Zona Roja.<\/p>\n\n\n\n<p>Oaxaca de Ju\u00e1rez, Oax., a 14 de marzo de 2025.- Tras unos d\u00edas de receso, la ola criminal regres\u00f3 este viernes a Juchit\u00e1n de Zaragoza.<\/p>\n\n\n\n<p>En ese municipio de la regi\u00f3n del Istmo de Tehuantepec, fue ejecutado a balaos un individuo, a quien le dejaron una cartulina con un mensaje, presuntamente de un grupo delictivo.<\/p>\n\n\n\n<p>Fue en una vivienda abandonada, en la colonia Santa Clara, en que, tras las llamadas de auxilio de los vecinos de la zona por disparos de arma de fuego, arribaron los elementos policiacos.<\/p>\n\n\n\n<p>Tras ello, descubrieron el cuerpo de una persona del sexo masculino, con varios impactos de arma de fuego y una cartulina a un costado, con mensaje amenazante; la v\u00edctima a\u00fan no ha sido identificada.<\/p>\n\n\n\n<p>Personal de la Vicefiscal\u00eda Regional del Istmo, de la Fiscal\u00eda General del Estado de Oaxaca, inici\u00f3 las indagatorias correspondientes para esclarecer el crimen.<\/p>\n","protected":false},"excerpt":{"rendered":"<p>Raymundo Morales\/Zona Roja. Oaxaca de Ju\u00e1rez, Oax., a 14 de marzo de 2025.- Tras unos&hellip;<\/p>\n","protected":false},"author":2,"featured_media":78437,"comment_status":"closed","ping_status":"open","sticky":false,"template":"","format":"standard","meta":{"_lmt_disableupdate":"","_lmt_disable":"","_jetpack_memberships_contains_paid_content":false,"footnotes":""},"categories":[109,51],"tags":[297],"class_list":["post-78436","post","type-post","status-publish","format-standard","has-post-thumbnail","hentry","category-minuto-a-minuto","category-zona-roja","tag-ejecutado-juchitan"],"jetpack_featured_media_url":"https:\/\/zonaroja.com.mx\/wp-content\/uploads\/2025\/03\/Ejecutado-Juchitan.jpeg","jetpack_sharing_enabled":true,"_links":{"self":[{"href":"https:\/\/zonaroja.com.mx\/index.php?rest_route=\/wp\/v2\/posts\/78436","targetHints":{"allow":["GET"]}}],"collection":[{"href":"https:\/\/zonaroja.com.mx\/index.php?rest_route=\/wp\/v2\/posts"}],"about":[{"href":"https:\/\/zonaroja.com.mx\/index.php?rest_route=\/wp\/v2\/types\/post"}],"author":[{"embeddable":true,"href":"https:\/\/zonaroja.com.mx\/index.php?rest_route=\/wp\/v2\/users\/2"}],"replies":[{"embeddable":true,"href":"https:\/\/zonaroja.com.mx\/index.php?rest_route=%2Fwp%2Fv2%2Fcomments&post=78436"}],"version-history":[{"count":1,"href":"https:\/\/zonaroja.com.mx\/index.php?rest_route=\/wp\/v2\/posts\/78436\/revisions"}],"predecessor-version":[{"id":78438,"href":"https:\/\/zonaroja.com.mx\/index.php?rest_route=\/wp\/v2\/posts\/78436\/revisions\/78438"}],"wp:featuredmedia":[{"embeddable":true,"href":"https:\/\/zonaroja.com.mx\/index.php?rest_route=\/wp\/v2\/media\/78437"}],"wp:attachment":[{"href":"https:\/\/zonaroja.com.mx\/index.php?rest_route=%2Fwp%2Fv2%2Fmedia&parent=78436"}],"wp:term":[{"taxonomy":"category","embeddable":true,"href":"https:\/\/zonaroja.com.mx\/index.php?rest_route=%2Fwp%2Fv2%2Fcategories&post=78436"},{"taxonomy":"post_tag","embeddable":true,"href":"https:\/\/zonaroja.com.mx\/index.php?rest_route=%2Fwp%2Fv2%2Ftags&post=78436"}],"curies":[{"name":"wp","href":"https:\/\/api.w.org\/{rel}","templated":true}]}}