{"id":78442,"date":"2025-03-15T11:50:00","date_gmt":"2025-03-15T17:50:00","guid":{"rendered":"https:\/\/zonaroja.com.mx\/?p=78442"},"modified":"2025-03-14T21:03:53","modified_gmt":"2025-03-15T03:03:53","slug":"perturbador-que-no-se-hallaran-pruebas-cruciales-en-rancho-de-teuchitlan-en-2024-onu","status":"publish","type":"post","link":"https:\/\/zonaroja.com.mx\/?p=78442","title":{"rendered":"Perturbador, que no se hallaran \u00abpruebas cruciales\u00bb en rancho de Teuchitl\u00e1n en 2024: ONU"},"content":{"rendered":"\n<p>Redacci\u00f3n\/Zona Roja Cdmx.<\/p>\n\n\n\n<p>Ciudad de M\u00e9xico, a 15 de marzo de 2025.- La ONU tach\u00f3 el viernes de \u00abperturbador\u00bb el hecho de que las autoridades de Jalisco, en el noroeste de M\u00e9xico, inspeccionaran en septiembre de 2024 la finca donde se encontraron huesos calcinados y no detectaran \u00abpruebas cruciales\u00bb de delitos cometidos en el lugar.<\/p>\n\n\n\n<p>\u00abEl reciente descubrimiento en M\u00e9xico de restos humanos calcinados y cientos de objetos personales, como zapatos y ropa, en un rancho presuntamente operado por un c\u00e1rtel de drogas, es un recordatorio profundamente perturbador del trauma de las desapariciones vinculadas al crimen organizado en el pa\u00eds\u00bb, subray\u00f3 Elizabeth Throssell, vocera del Alto Comisionado de las Naciones Unidas para los Derechos Humanos, en un comunicado.<\/p>\n\n\n\n<p>\u00abEl descubrimiento resulta a\u00fan m\u00e1s perturbador dado que el rancho hab\u00eda sido previamente allanado en septiembre de 2024 por autoridades de&nbsp;Jalisco, sin que se detectaran pruebas cruciales\u00bb, a\u00f1adi\u00f3.<\/p>\n\n\n\n<p>La ONU tom\u00f3 nota del compromiso de las autoridades federales y estatales \u00abde examinar las posibles omisiones en la realizaci\u00f3n de la operaci\u00f3n de b\u00fasqueda inicial\u00bb.<\/p>\n\n\n\n<p>El centro clandestino, situado en el municipio jalisciense de Teuchitl\u00e1n, fue hallado el 5 de marzo por familiares de desaparecidos.<\/p>\n\n\n\n<p>El lugar habr\u00eda sido utilizado por el C\u00e1rtel Jalisco Nueva Generaci\u00f3n (CJNG) para formar a j\u00f3venes reclutados a la fuerza mediante ofertas falsas de empleo.<\/p>\n\n\n\n<p>\u00abEran sometidos a tratos brutales y aquellos que mostraban resistencia o no cumpl\u00edan con los requisitos del c\u00e1rtel eran asesinados, lo que concuerda con la presencia de fragmentos \u00f3seos y restos humanos carbonizados en el lugar\u00bb, a\u00f1adi\u00f3 Throssell.<\/p>\n\n\n\n<p>Jalisco es el estado mexicano con m\u00e1s desaparecidos: casi 15 mil de los 124 mil registrados oficialmente, la mayor\u00eda desde 2006 cuando se declar\u00f3 la guerra al narco.<\/p>\n\n\n\n<p>La Oficina de Derechos Humanos de la ONU abog\u00f3 por investigaciones \u00abexhaustivas, independientes, imparciales y transparentes\u00bb sobre los delitos cometidos en el lugar.<\/p>\n\n\n\n<p>Tambi\u00e9n urgi\u00f3 a \u00abmejorar las medidas preventivas y a garantizar la protecci\u00f3n y el apoyo a las familias v\u00edctimas de desapariciones en su b\u00fasqueda de verdad, justicia y reparaci\u00f3n\u201d.<\/p>\n\n\n\n<p>(Informaci\u00f3n de la agencia AFP en \u201cMilenio\u201d)<\/p>\n","protected":false},"excerpt":{"rendered":"<p>Redacci\u00f3n\/Zona Roja Cdmx. Ciudad de M\u00e9xico, a 15 de marzo de 2025.- La ONU tach\u00f3&hellip;<\/p>\n","protected":false},"author":2,"featured_media":78443,"comment_status":"closed","ping_status":"open","sticky":false,"template":"","format":"standard","meta":{"_lmt_disableupdate":"","_lmt_disable":"","_jetpack_memberships_contains_paid_content":false,"footnotes":""},"categories":[109,47],"tags":[4253],"class_list":["post-78442","post","type-post","status-publish","format-standard","has-post-thumbnail","hentry","category-minuto-a-minuto","category-zona-gris","tag-rancho-izaguirre"],"jetpack_featured_media_url":"https:\/\/zonaroja.com.mx\/wp-content\/uploads\/2025\/03\/Rancho-Izaguirre.jpg.avif","jetpack_sharing_enabled":true,"_links":{"self":[{"href":"https:\/\/zonaroja.com.mx\/index.php?rest_route=\/wp\/v2\/posts\/78442","targetHints":{"allow":["GET"]}}],"collection":[{"href":"https:\/\/zonaroja.com.mx\/index.php?rest_route=\/wp\/v2\/posts"}],"about":[{"href":"https:\/\/zonaroja.com.mx\/index.php?rest_route=\/wp\/v2\/types\/post"}],"author":[{"embeddable":true,"href":"https:\/\/zonaroja.com.mx\/index.php?rest_route=\/wp\/v2\/users\/2"}],"replies":[{"embeddable":true,"href":"https:\/\/zonaroja.com.mx\/index.php?rest_route=%2Fwp%2Fv2%2Fcomments&post=78442"}],"version-history":[{"count":1,"href":"https:\/\/zonaroja.com.mx\/index.php?rest_route=\/wp\/v2\/posts\/78442\/revisions"}],"predecessor-version":[{"id":78444,"href":"https:\/\/zonaroja.com.mx\/index.php?rest_route=\/wp\/v2\/posts\/78442\/revisions\/78444"}],"wp:featuredmedia":[{"embeddable":true,"href":"https:\/\/zonaroja.com.mx\/index.php?rest_route=\/wp\/v2\/media\/78443"}],"wp:attachment":[{"href":"https:\/\/zonaroja.com.mx\/index.php?rest_route=%2Fwp%2Fv2%2Fmedia&parent=78442"}],"wp:term":[{"taxonomy":"category","embeddable":true,"href":"https:\/\/zonaroja.com.mx\/index.php?rest_route=%2Fwp%2Fv2%2Fcategories&post=78442"},{"taxonomy":"post_tag","embeddable":true,"href":"https:\/\/zonaroja.com.mx\/index.php?rest_route=%2Fwp%2Fv2%2Ftags&post=78442"}],"curies":[{"name":"wp","href":"https:\/\/api.w.org\/{rel}","templated":true}]}}