{"id":78447,"date":"2025-03-15T09:04:00","date_gmt":"2025-03-15T15:04:00","guid":{"rendered":"https:\/\/zonaroja.com.mx\/?p=78447"},"modified":"2025-03-14T21:05:02","modified_gmt":"2025-03-15T03:05:02","slug":"asesinan-en-guanajuato-al-periodista-iran-villareal-excandidato-a-regidor","status":"publish","type":"post","link":"https:\/\/zonaroja.com.mx\/?p=78447","title":{"rendered":"Asesinan en Guanajuato al periodista Ir\u00e1n Villareal, excandidato a regidor"},"content":{"rendered":"\n<p>Redacci\u00f3n\/Zona Roja Cdmx.<\/p>\n\n\n\n<p>Ciudad de M\u00e9xico, a 15 de marzo de 2025.- La Fiscal\u00eda General de Guanajuato inform\u00f3 esta tarde de viernes que Ir\u00e1n Villarreal Belmont, director del medio digital \u2018Observatorio Ciudadano San Luis de la Paz\u2019, fue hallado sin vida.<\/p>\n\n\n\n<p>De acuerdo a la Fiscal\u00eda, el cuerpo sin vida del comunicador y excandidato a regidor del partido Movimiento Ciudadano en San Luis de la Paz, fue localizado a un costado de la carretera estatal Victoria-Xich\u00fa.<\/p>\n\n\n\n<p>La instituci\u00f3n asegur\u00f3 que ya se inici\u00f3 una carpeta bajo el protocolo de Investigaci\u00f3n de Delitos Cometidos contra la Libertad de Expresi\u00f3n.<\/p>\n\n\n\n<p>\u201cDesde el inicio de la investigaci\u00f3n, la familia de Ir\u00e1n \u201cN\u201d ha recibido atenci\u00f3n y acompa\u00f1amiento, manteni\u00e9ndolos informados de cada avance. En estas circunstancias, a las 12:15 horas con apoyo del \u00e1rea psicosocial se llev\u00f3 a cabo la preparaci\u00f3n de familiares del desaparecido; se determin\u00f3 que estaban en condiciones y se dio formalidad para cumplir debidamente con la notificaci\u00f3n de alto impacto.<\/p>\n\n\n\n<p>\u201cEl Ministerio P\u00fablico contin\u00faa con las diligencias necesarias para determinar las circunstancias del hecho, identificar a los responsables y llevarlos ante la justicia\u201d, se\u00f1al\u00f3 la Fiscal\u00eda de Guanajuato.<\/p>\n\n\n\n<p>El crimen tambi\u00e9n fue confirmado por el alcalde de San Luis de La Paz, Rub\u00e9n Ur\u00edas Ruiz, durante una rueda de prensa.<\/p>\n\n\n\n<p>(Informaci\u00f3n de \u201cEl Financiero\u201d)<\/p>\n","protected":false},"excerpt":{"rendered":"<p>Redacci\u00f3n\/Zona Roja Cdmx. Ciudad de M\u00e9xico, a 15 de marzo de 2025.- La Fiscal\u00eda General&hellip;<\/p>\n","protected":false},"author":2,"featured_media":78448,"comment_status":"closed","ping_status":"open","sticky":false,"template":"","format":"standard","meta":{"_lmt_disableupdate":"","_lmt_disable":"","_jetpack_memberships_contains_paid_content":false,"footnotes":""},"categories":[109,51],"tags":[4254],"class_list":["post-78447","post","type-post","status-publish","format-standard","has-post-thumbnail","hentry","category-minuto-a-minuto","category-zona-roja","tag-iran-villarreal"],"jetpack_featured_media_url":"https:\/\/zonaroja.com.mx\/wp-content\/uploads\/2025\/03\/Periodista-Iran-Villarreal.jpeg.avif","jetpack_sharing_enabled":true,"_links":{"self":[{"href":"https:\/\/zonaroja.com.mx\/index.php?rest_route=\/wp\/v2\/posts\/78447","targetHints":{"allow":["GET"]}}],"collection":[{"href":"https:\/\/zonaroja.com.mx\/index.php?rest_route=\/wp\/v2\/posts"}],"about":[{"href":"https:\/\/zonaroja.com.mx\/index.php?rest_route=\/wp\/v2\/types\/post"}],"author":[{"embeddable":true,"href":"https:\/\/zonaroja.com.mx\/index.php?rest_route=\/wp\/v2\/users\/2"}],"replies":[{"embeddable":true,"href":"https:\/\/zonaroja.com.mx\/index.php?rest_route=%2Fwp%2Fv2%2Fcomments&post=78447"}],"version-history":[{"count":1,"href":"https:\/\/zonaroja.com.mx\/index.php?rest_route=\/wp\/v2\/posts\/78447\/revisions"}],"predecessor-version":[{"id":78449,"href":"https:\/\/zonaroja.com.mx\/index.php?rest_route=\/wp\/v2\/posts\/78447\/revisions\/78449"}],"wp:featuredmedia":[{"embeddable":true,"href":"https:\/\/zonaroja.com.mx\/index.php?rest_route=\/wp\/v2\/media\/78448"}],"wp:attachment":[{"href":"https:\/\/zonaroja.com.mx\/index.php?rest_route=%2Fwp%2Fv2%2Fmedia&parent=78447"}],"wp:term":[{"taxonomy":"category","embeddable":true,"href":"https:\/\/zonaroja.com.mx\/index.php?rest_route=%2Fwp%2Fv2%2Fcategories&post=78447"},{"taxonomy":"post_tag","embeddable":true,"href":"https:\/\/zonaroja.com.mx\/index.php?rest_route=%2Fwp%2Fv2%2Ftags&post=78447"}],"curies":[{"name":"wp","href":"https:\/\/api.w.org\/{rel}","templated":true}]}}