{"id":78453,"date":"2025-03-15T13:10:00","date_gmt":"2025-03-15T19:10:00","guid":{"rendered":"https:\/\/zonaroja.com.mx\/?p=78453"},"modified":"2025-03-14T21:11:27","modified_gmt":"2025-03-15T03:11:27","slug":"opinion-cuantos-teuchitlan-tenemos-en-mexico","status":"publish","type":"post","link":"https:\/\/zonaroja.com.mx\/?p=78453","title":{"rendered":"Opini\u00f3n. \u00bfCu\u00e1ntos Teuchitl\u00e1n tenemos en M\u00e9xico?"},"content":{"rendered":"\n<p>Soledad Jarqu\u00edn Edgar*\/SemM\u00e9xico.<\/p>\n\n\n\n<p>La noticia nos ha erizado la piel y nos ha devuelto la indignaci\u00f3n, el rancho Izaguirre en Teuchitl\u00e1n, Jalisco, es una muestra del ampl\u00edsimo poder y las complicidades entre el poder real y los poderes f\u00e1cticos, una frase que de tantas veces repetida en M\u00e9xico ha sido normalizada por la ciudadan\u00eda y minimizada con una declaraci\u00f3n por parte de los gobiernos.<\/p>\n\n\n\n<p>Las madres buscadoras mexicanas, que se cuentan por miles frente al fen\u00f3meno de \u201cdesaparici\u00f3n\u201d de sus hijas e hijos, son las \u00fanicas que siguen literalmente picando la tierra y con ello develando el escenario de una realidad que no queremos ver, escuchar, oler ni mucho menos sentir.<\/p>\n\n\n\n<p>Teuchitl\u00e1n era hasta hace poco tiempo un lugar tur\u00edstico que aparece en las p\u00e1ginas dedicas a esa \u201cindustria\u201d, donde quiz\u00e1 el atractivo principal sea el sitio arqueol\u00f3gico de Guachimontones, uno de los m\u00e1s importantes del occidente mexicano que recibe alrededor de 170 mil visitas al a\u00f1o, un atractivo descubierto hace apenas cuatro d\u00e9cadas y que est\u00e1 ubicado a casi dos horas de la capital jalisciense, Guadalajara.<\/p>\n\n\n\n<p>Hace algunos meses, el colectivo Guerreros Buscadores de Jalisco alertaron a las autoridades locales, sobre las actividades que el Cartel Jalisco Nueva Generaci\u00f3n estar\u00eda realizando en rancho Izaguirre, del cual se apropiaron a la mala tiempo atr\u00e1s.<\/p>\n\n\n\n<p>Las madres y padres buscadores de sus hijas e hijos no obtuvieron entonces respuesta alguna, pero insistieron. El descubrimiento de presuntos hornos crematorios -que ya el gobierno mexicano descart\u00f3-, y la actividad de un centro de reclutamiento forzado y un centro de adiestramiento, ponen a M\u00e9xico de cara a una realidad que taladra el alma.<\/p>\n\n\n\n<p>400 pares de zapatos de hombres, la mayor\u00eda, mujeres e infancias, ropa, cartas, apuntes, pertenencias y mochilas nos regresa a ese lugar de la humanidad depredadora de su propia especie por parte de los grupos criminales que operan en total impunidad, y en contraparte nos abre la puerta a esa realidad brutal que viven miles de personas en M\u00e9xico, principalmente las m\u00e1s vulnerables, porque la&nbsp; pobreza no se ha ido como dicen quienes gobiernan, en esa pretensi\u00f3n de esconder ese flagelo, autoridades estatales y federales que ven hacia otro lado y hacia otros contextos, a lugares lejanos como Teuchitl\u00e1n, Jalisco.<\/p>\n\n\n\n<p>Las madres buscadoras nos ponen de nuevo frente a ese abismo llamado impunidad, la permisibilidad, las omisiones, el valemadrismo de los gobiernos, en este caso de Jalisco y el gobierno federal mexicano, que ahora s\u00ed descobijados no pueden ocultar nada. Me pregunto \u00bfpodr\u00e1 el fiscal\u00eda general de la Rep\u00fablica actuar en esta ocasi\u00f3n?<\/p>\n\n\n\n<p>Y vuelvo a preguntar \u00bfcu\u00e1ntos Teuchitl\u00e1n tenemos en M\u00e9xico? De nueva cuenta han sido las madres y los padres de los desaparecidos los que dan luz en esta tragedia mexicana y no las autoridades. Me preocupa mi pa\u00eds, porque lo hemos dicho hasta el cansancio, lo que pasa en Jalisco, en Sinaloa, en Guerrero, en Michoac\u00e1n, en Tamaulipas, en Veracruz, en Guanajuato, en Baja California, en Chihuahua, pasa como un tren a m\u00e1xima velocidad en el sureste mexicano, donde las grandes obras del lopezobradorismo son la miel para las moscas, la fauna nociva, y han ayudado a consolidar las fuerzas del crimen organizado vestidos de corderos constructores y operadores.<\/p>\n\n\n\n<p>*Periodista y activista feminista.<\/p>\n\n\n\n<p>@JarquinEdgar<\/p>\n","protected":false},"excerpt":{"rendered":"<p>Soledad Jarqu\u00edn Edgar*\/SemM\u00e9xico. La noticia nos ha erizado la piel y nos ha devuelto la&hellip;<\/p>\n","protected":false},"author":2,"featured_media":68029,"comment_status":"closed","ping_status":"open","sticky":false,"template":"","format":"standard","meta":{"_lmt_disableupdate":"","_lmt_disable":"","_jetpack_memberships_contains_paid_content":false,"footnotes":""},"categories":[456,109],"tags":[1105],"class_list":["post-78453","post","type-post","status-publish","format-standard","has-post-thumbnail","hentry","category-columna","category-minuto-a-minuto","tag-soledad-jarquin-edgar"],"jetpack_featured_media_url":"https:\/\/zonaroja.com.mx\/wp-content\/uploads\/2024\/05\/Soledad-Jarquin-Edgar.jpg","jetpack_sharing_enabled":true,"_links":{"self":[{"href":"https:\/\/zonaroja.com.mx\/index.php?rest_route=\/wp\/v2\/posts\/78453","targetHints":{"allow":["GET"]}}],"collection":[{"href":"https:\/\/zonaroja.com.mx\/index.php?rest_route=\/wp\/v2\/posts"}],"about":[{"href":"https:\/\/zonaroja.com.mx\/index.php?rest_route=\/wp\/v2\/types\/post"}],"author":[{"embeddable":true,"href":"https:\/\/zonaroja.com.mx\/index.php?rest_route=\/wp\/v2\/users\/2"}],"replies":[{"embeddable":true,"href":"https:\/\/zonaroja.com.mx\/index.php?rest_route=%2Fwp%2Fv2%2Fcomments&post=78453"}],"version-history":[{"count":1,"href":"https:\/\/zonaroja.com.mx\/index.php?rest_route=\/wp\/v2\/posts\/78453\/revisions"}],"predecessor-version":[{"id":78454,"href":"https:\/\/zonaroja.com.mx\/index.php?rest_route=\/wp\/v2\/posts\/78453\/revisions\/78454"}],"wp:featuredmedia":[{"embeddable":true,"href":"https:\/\/zonaroja.com.mx\/index.php?rest_route=\/wp\/v2\/media\/68029"}],"wp:attachment":[{"href":"https:\/\/zonaroja.com.mx\/index.php?rest_route=%2Fwp%2Fv2%2Fmedia&parent=78453"}],"wp:term":[{"taxonomy":"category","embeddable":true,"href":"https:\/\/zonaroja.com.mx\/index.php?rest_route=%2Fwp%2Fv2%2Fcategories&post=78453"},{"taxonomy":"post_tag","embeddable":true,"href":"https:\/\/zonaroja.com.mx\/index.php?rest_route=%2Fwp%2Fv2%2Ftags&post=78453"}],"curies":[{"name":"wp","href":"https:\/\/api.w.org\/{rel}","templated":true}]}}