{"id":78455,"date":"2025-03-15T13:27:00","date_gmt":"2025-03-15T19:27:00","guid":{"rendered":"https:\/\/zonaroja.com.mx\/?p=78455"},"modified":"2025-03-14T21:37:14","modified_gmt":"2025-03-15T03:37:14","slug":"convocan-a-creadores-a-primera-exposicion-individual-de-textiles-en-oaxaca","status":"publish","type":"post","link":"https:\/\/zonaroja.com.mx\/?p=78455","title":{"rendered":"Convocan a creadores a primera exposici\u00f3n individual de textiles en Oaxaca"},"content":{"rendered":"\n<p>Redacci\u00f3n\/Zona Roja.<\/p>\n\n\n\n<p>Oaxaca de Ju\u00e1rez, Oax., a 15 de marzo de 2025.- Por tercer a\u00f1o consecutivo, la Asociaci\u00f3n Civil Amigos del IAGO y del CFMAB, el Centro de las Artes de San Agust\u00edn (CaSa), el Instituto de Artes Gr\u00e1ficas de Oaxaca (IAGO), la Secretar\u00eda de Desarrollo Econ\u00f3mico de Oaxaca (Sedeco) y la Secretar\u00eda de las Culturas y Artes de Oaxaca (Seculta), convocan a creadores oaxaque\u00f1os, por nacimiento o filiaci\u00f3n, que no hayan tenido la oportunidad de mostrar su trabajo de manera individual, a participar en la convocatoria Primera Exposici\u00f3n Individual.<\/p>\n\n\n\n<p>La tercera edici\u00f3n de esta convocatoria tiene como objetivo reconocer y apoyar a creadores oaxaque\u00f1os que hayan demostrado una habilidad excepcional en la producci\u00f3n de piezas textiles mediante t\u00e9cnicas heredadas. Se enfocar\u00e1 en identificar a creadores con alta competencia t\u00e9cnica en el \u00e1mbito textil, cuyos trabajos reflejen un lenguaje personal.&nbsp;<\/p>\n\n\n\n<p>\u201cEsta convocatoria nos permitir\u00e1 descubrir propuestas originales e identificar a artistas textiles con dominio t\u00e9cnico y una voz distintiva\u00bb, coment\u00f3 Daniel Brena, director del CaSa. \u00abEste a\u00f1o, centraremos parte importante de nuestros esfuerzos en apoyar y producir esta exposici\u00f3n\u201d.<\/p>\n\n\n\n<p>La persona seleccionada tendr\u00e1 la oportunidad de exhibir sus piezas en el interior de la galer\u00eda Chalet del CaSa y se le otorgar\u00e1 un apoyo de $50,000.00 (cincuenta mil pesos), que podr\u00e1n ser utilizados para la producci\u00f3n de sus piezas; el montaje de la exposici\u00f3n, correr\u00e1 a cargo del CaSa, de acuerdo con su suficiencia presupuestaria.&nbsp;<\/p>\n\n\n\n<p>Adicionalmente, recibir\u00e1 $20,000.00 (veinte mil pesos) que aportar\u00e1 Sede\u00f1o para la comercializaci\u00f3n de sus piezas en la tienda ARIPO. Por \u00faltimo, La&nbsp;Maquinucha&nbsp;Ediciones, a trav\u00e9s del IAGO, imprimir\u00e1 en risograf\u00eda una publicaci\u00f3n referente al proyecto.<\/p>\n\n\n\n<p>\u00abPara m\u00ed, esta edici\u00f3n, enfocada en el arte textil, tiene un sentido muy especial, ya que crec\u00ed con una madre tejedora\u00bb, mencion\u00f3 Sara L\u00f3pez Ellitsgaard, presidenta de la Asociaci\u00f3n Civil Amigos del IAGO y del CFMAB, e hija de la artista textil Trine Ellitsgaard y Francisco Toledo.&nbsp;<\/p>\n\n\n\n<p>\u00abEl maestro Toledo, sin duda, ten\u00eda un gran inter\u00e9s por los textiles y los procesos de su creaci\u00f3n; trabaj\u00f3 con maestros artesanos en Teotitl\u00e1n del Valle desde joven; coleccion\u00f3 textiles que posteriormente se integrar\u00edan al Museo Textil de la FAHHO; fund\u00f3 el taller de Afelpado en el Centro de las Artes de San Agust\u00edn (CaSa); adquiri\u00f3 miles de libros sobre textiles para el IAGO; colabor\u00f3 con bordadoras para crear arte objeto \u2013que ahora se pueden apreciar en \u00abToledo Ve\u00bb en el CaSa\u2013, y discuti\u00f3 en numerosas ocasiones con mi madre sobre t\u00e9cnicas de te\u00f1ido tradicional\u00bb.<\/p>\n\n\n\n<p>Finalmente, agradeci\u00f3 a las instituciones aliadas por hacer posible esta convocatoria. \u00abEsperamos con emoci\u00f3n las propuestas que llegar\u00e1n y la exposici\u00f3n en el CaSa\u00bb, a\u00f1adi\u00f3.<\/p>\n\n\n\n<p>Durante el lanzamiento de la convocatoria, Ra\u00fal Ruiz Robles, secretario de Desarrollo Econ\u00f3mico de Oaxaca, dijo que \u201cEl arte textil es una manifestaci\u00f3n viva de nuestra historia y una ventana hacia lo que podemos construir como sociedad\u201d. Y a\u00f1adi\u00f3: \u201cQue esta convocatoria sea una plataforma para celebrar lo que somos y proyectar lo que podemos ser\u201d, manifest\u00f3.<\/p>\n\n\n\n<p>La convocatoria Primera Exposici\u00f3n Individual fue emitida por primera vez en el a\u00f1o 2022, buscando reconocer a creadoras y creadores oaxaque\u00f1os con propuestas art\u00edsticas notables que no hubieran exhibido su trabajo de manera individual. En su primera edici\u00f3n, el artista V\u00edctor Mortales present\u00f3 su proyecto \u201cTodxs estamos en peligro\u201d. La exposici\u00f3n fue una intervenci\u00f3n en sitio espec\u00edfico, que utiliz\u00f3 telas de mosquitero como su principal elemento. La muestra reflej\u00f3 la intersecci\u00f3n del arte y la experiencia humana.<\/p>\n\n\n\n<p>Para la segunda edici\u00f3n, la convocatoria se enfoc\u00f3 en las t\u00e9cnicas heredadas. Esta estuvo dirigida a creadores oaxaque\u00f1os con habilidades excepcionales en el manejo de t\u00e9cnicas transmitidas de generaci\u00f3n en generaci\u00f3n, abarcando disciplinas como la alfarer\u00eda, la orfebrer\u00eda y la talabarter\u00eda, entre otros. El proyecto ganador fue \u201cNegra Luz\u201d, de Mizraim Cardozo, cuya propuesta art\u00edstica combin\u00f3 elementos luminosos con mosaicos de barro calado que conformaron murales montados sobre paredes o superficies verticales.<\/p>\n\n\n\n<p>La convocatoria&nbsp;Primera Exposici\u00f3n Individual: T\u00e9cnicas Heredadas. Edici\u00f3n Textil&nbsp;ya se encuentra abierta y se recibir\u00e1n solicitudes hasta el 24 de abril de 2025. Las personas interesadas en participar pueden consultar las bases de la convocatoria en casa.oaxaca.gob.mx .<\/p>\n\n\n\n<p>Detalles de la convocatoria:<\/p>\n\n\n\n<p>\u25cf&nbsp;Dirigido a:&nbsp;Creadores oaxaque\u00f1os que se desenvuelvan en el \u00e1mbito textil (mayores de edad)<\/p>\n\n\n\n<p>\u25cf&nbsp;Apoyo econ\u00f3mico:&nbsp;$50,000.00 (cincuenta mil pesos), que podr\u00e1n ser utilizados para la producci\u00f3n de sus piezas y $20,000.00 (veinte mil pesos) para la comercializaci\u00f3n de piezas en la tienda ARIPO<\/p>\n\n\n\n<p>\u25cf&nbsp;Cierre de convocatoria:&nbsp;jueves 24 de abril de 2025.<\/p>\n\n\n\n<p>\u25cf&nbsp;Publicaci\u00f3n de resultados:&nbsp;jueves 8 de mayo de 2025.<\/p>\n\n\n\n<p>\u25cf&nbsp;Enlace para postular:&nbsp;<a href=\"http:\/\/casa.oaxaca.gob.mx\/?p=15490\">casa.oaxaca.gob.mx\/?p=15490<\/a><\/p>\n","protected":false},"excerpt":{"rendered":"<p>Redacci\u00f3n\/Zona Roja. Oaxaca de Ju\u00e1rez, Oax., a 15 de marzo de 2025.- Por tercer a\u00f1o&hellip;<\/p>\n","protected":false},"author":2,"featured_media":78456,"comment_status":"closed","ping_status":"open","sticky":false,"template":"","format":"standard","meta":{"_lmt_disableupdate":"","_lmt_disable":"","_jetpack_memberships_contains_paid_content":false,"footnotes":""},"categories":[109,46],"tags":[1577],"class_list":["post-78455","post","type-post","status-publish","format-standard","has-post-thumbnail","hentry","category-minuto-a-minuto","category-zona-blanca","tag-premios-casa-oaxaca"],"jetpack_featured_media_url":"https:\/\/zonaroja.com.mx\/wp-content\/uploads\/2025\/03\/Primera-exposicion-indivudal-de-textiles.jpg","jetpack_sharing_enabled":true,"_links":{"self":[{"href":"https:\/\/zonaroja.com.mx\/index.php?rest_route=\/wp\/v2\/posts\/78455","targetHints":{"allow":["GET"]}}],"collection":[{"href":"https:\/\/zonaroja.com.mx\/index.php?rest_route=\/wp\/v2\/posts"}],"about":[{"href":"https:\/\/zonaroja.com.mx\/index.php?rest_route=\/wp\/v2\/types\/post"}],"author":[{"embeddable":true,"href":"https:\/\/zonaroja.com.mx\/index.php?rest_route=\/wp\/v2\/users\/2"}],"replies":[{"embeddable":true,"href":"https:\/\/zonaroja.com.mx\/index.php?rest_route=%2Fwp%2Fv2%2Fcomments&post=78455"}],"version-history":[{"count":1,"href":"https:\/\/zonaroja.com.mx\/index.php?rest_route=\/wp\/v2\/posts\/78455\/revisions"}],"predecessor-version":[{"id":78457,"href":"https:\/\/zonaroja.com.mx\/index.php?rest_route=\/wp\/v2\/posts\/78455\/revisions\/78457"}],"wp:featuredmedia":[{"embeddable":true,"href":"https:\/\/zonaroja.com.mx\/index.php?rest_route=\/wp\/v2\/media\/78456"}],"wp:attachment":[{"href":"https:\/\/zonaroja.com.mx\/index.php?rest_route=%2Fwp%2Fv2%2Fmedia&parent=78455"}],"wp:term":[{"taxonomy":"category","embeddable":true,"href":"https:\/\/zonaroja.com.mx\/index.php?rest_route=%2Fwp%2Fv2%2Fcategories&post=78455"},{"taxonomy":"post_tag","embeddable":true,"href":"https:\/\/zonaroja.com.mx\/index.php?rest_route=%2Fwp%2Fv2%2Ftags&post=78455"}],"curies":[{"name":"wp","href":"https:\/\/api.w.org\/{rel}","templated":true}]}}