{"id":78458,"date":"2025-03-16T07:40:00","date_gmt":"2025-03-16T13:40:00","guid":{"rendered":"https:\/\/zonaroja.com.mx\/?p=78458"},"modified":"2025-03-16T05:45:32","modified_gmt":"2025-03-16T11:45:32","slug":"congreso-atmex-2025-genera-derrama-superior-a-los-100-mdp-en-oaxaca","status":"publish","type":"post","link":"https:\/\/zonaroja.com.mx\/?p=78458","title":{"rendered":"Congreso Atmex 2025 genera derrama superior a los 100 mdp en Oaxaca"},"content":{"rendered":"\n<p>Redacci\u00f3n\/Zona Roja.<\/p>\n\n\n\n<p>Oaxaca de Ju\u00e1rez, Oax., a 16  de marzo de 2025.- Del 11 al 14 de marzo se realiz\u00f3 el congreso Atmex Oaxaca 2025, un evento que reuni\u00f3 a profesionales del turismo de naturaleza, donde aparte de grandes ponencias, los municipios con vocaci\u00f3n de aventura promocionaron las actividades que pueden vivir locales y visitantes.\u00a0<\/p>\n\n\n\n<p>El turismo de naturaleza y aventura es justamente eso y Oaxaca tiene por excelencia grandes paisajes y ecosistemas que pueden ser explorados a pie, a caballo, en cuatrimoto, nadando o escalando. Con la promoci\u00f3n y alianzas realizadas se estima una derrama de 200 millones de pesos para Oaxaca en 2026, espec\u00edficamente en este rubro.&nbsp;<\/p>\n\n\n\n<p>La secretaria de Turismo Saymi Pineda Velasco, entreg\u00f3 al estafeta del &nbsp;Adventure Travel Network (Atmex 2025) al estado de Puebla, e inform\u00f3 que del 11 al 14 de marzo la ciudad de Oaxaca registr\u00f3 una ocupaci\u00f3n hotelera promedio del 70 por ciento, con poco m\u00e1s de 28 mil turistas y una derrama aproximada de 107 millones de pesos.<\/p>\n\n\n\n<p>Para entender un poco m\u00e1s la importancia de Atmex debemos mencionar puntualmente:<\/p>\n\n\n\n<p>\u2022 Es el espacio de turismo de naturaleza y aventura m\u00e1s importante de Latinoam\u00e9rica.<\/p>\n\n\n\n<p>\u2022 El Centro Cultural y de Convenciones de Oaxaca alberg\u00f3 a casi 500 convencionistas profesionales del sector.<\/p>\n\n\n\n<p>\u2022 Asistieron profesionales de 11 estados del pa\u00eds.<\/p>\n\n\n\n<p>\u2022 El evento en octubre de 2025 se llevar\u00e1 a cabo en Puebla.&nbsp;<\/p>\n\n\n\n<p>\u2022 Asistieron profesionales de pa\u00edses como Estados Unidos, Alemania, Argentina, Chile y Costa Rica.<\/p>\n\n\n\n<p>\u2022 La edici\u00f3n de Oaxaca fue la n\u00famero 14 en la historia de Atmex.<\/p>\n\n\n\n<p>Saymi Pineda Velasco, secretaria de Turismo del Estado de Oaxaca, resalt\u00f3: \u00abGracias a las diferentes dependencias del Gobierno del Estado, al gobernador Salom\u00f3n Jara Cruz, a las y los operadores tur\u00edsticos, a los medios de comunicaci\u00f3n, a los expertos nacionales e internacionales que hicieron de Atmex 2025 una edici\u00f3n \u00fanica, gracias a su compromiso con el turismo responsable y regenerativo\u00bb.<\/p>\n\n\n\n<p>El turismo de naturaleza y aventura no es nuevo para Oaxaca, pero la proyecci\u00f3n y empuje otorgado desde la Secretar\u00eda de Turismo est\u00e1 ayudando sin duda a su posicionamiento a nivel nacional e internacional, dejando ver que Oaxaca, tiene turismo para toda clase de aventureros.<\/p>\n","protected":false},"excerpt":{"rendered":"<p>Redacci\u00f3n\/Zona Roja. Oaxaca de Ju\u00e1rez, Oax., a 16 de marzo de 2025.- Del 11 al&hellip;<\/p>\n","protected":false},"author":2,"featured_media":78459,"comment_status":"closed","ping_status":"open","sticky":false,"template":"","format":"standard","meta":{"_lmt_disableupdate":"","_lmt_disable":"","_jetpack_memberships_contains_paid_content":false,"footnotes":""},"categories":[109,46],"tags":[1031],"class_list":["post-78458","post","type-post","status-publish","format-standard","has-post-thumbnail","hentry","category-minuto-a-minuto","category-zona-blanca","tag-secretaria-de-turismo-oaxaca"],"jetpack_featured_media_url":"https:\/\/zonaroja.com.mx\/wp-content\/uploads\/2025\/03\/Congreso-Atmex-Oaxaca.jpg","jetpack_sharing_enabled":true,"_links":{"self":[{"href":"https:\/\/zonaroja.com.mx\/index.php?rest_route=\/wp\/v2\/posts\/78458","targetHints":{"allow":["GET"]}}],"collection":[{"href":"https:\/\/zonaroja.com.mx\/index.php?rest_route=\/wp\/v2\/posts"}],"about":[{"href":"https:\/\/zonaroja.com.mx\/index.php?rest_route=\/wp\/v2\/types\/post"}],"author":[{"embeddable":true,"href":"https:\/\/zonaroja.com.mx\/index.php?rest_route=\/wp\/v2\/users\/2"}],"replies":[{"embeddable":true,"href":"https:\/\/zonaroja.com.mx\/index.php?rest_route=%2Fwp%2Fv2%2Fcomments&post=78458"}],"version-history":[{"count":2,"href":"https:\/\/zonaroja.com.mx\/index.php?rest_route=\/wp\/v2\/posts\/78458\/revisions"}],"predecessor-version":[{"id":78463,"href":"https:\/\/zonaroja.com.mx\/index.php?rest_route=\/wp\/v2\/posts\/78458\/revisions\/78463"}],"wp:featuredmedia":[{"embeddable":true,"href":"https:\/\/zonaroja.com.mx\/index.php?rest_route=\/wp\/v2\/media\/78459"}],"wp:attachment":[{"href":"https:\/\/zonaroja.com.mx\/index.php?rest_route=%2Fwp%2Fv2%2Fmedia&parent=78458"}],"wp:term":[{"taxonomy":"category","embeddable":true,"href":"https:\/\/zonaroja.com.mx\/index.php?rest_route=%2Fwp%2Fv2%2Fcategories&post=78458"},{"taxonomy":"post_tag","embeddable":true,"href":"https:\/\/zonaroja.com.mx\/index.php?rest_route=%2Fwp%2Fv2%2Ftags&post=78458"}],"curies":[{"name":"wp","href":"https:\/\/api.w.org\/{rel}","templated":true}]}}