{"id":78466,"date":"2025-03-16T09:44:00","date_gmt":"2025-03-16T15:44:00","guid":{"rendered":"https:\/\/zonaroja.com.mx\/?p=78466"},"modified":"2025-03-16T06:54:33","modified_gmt":"2025-03-16T12:54:33","slug":"miles-exigen-justicia-por-presunto-crematorio-clandestino-en-teuchitlan-jalisco","status":"publish","type":"post","link":"https:\/\/zonaroja.com.mx\/?p=78466","title":{"rendered":"Miles exigen justicia por presunto crematorio clandestino en Teuchitl\u00e1n, Jalisco"},"content":{"rendered":"\n<p>Redacci\u00f3n\/Zona Roja Cdmx.<\/p>\n\n\n\n<p>Ciudad de M\u00e9xico, a 16 de marzo de 2025.- Este s\u00e1bado se realizaron manifestaciones en varias ciudades de M\u00e9xico&nbsp;para pedir justicia por las v\u00edctimas localizadas en los crematorios clandestinos encontrados en el rancho \u201cIzaguirre\u201d de Teuchitl\u00e1n, Jalisco.<\/p>\n\n\n\n<p>En el Z\u00f3calo de la Ciudad de M\u00e9xico, activistas y familiares de personas desaparecidas dibujaron con pintura blanca la distribuci\u00f3n que tiene el rancho.<\/p>\n\n\n\n<p>Adem\u00e1s, se brind\u00f3 un aplauso al colectivo Guerreros Buscadores de Jalisco por localizar dicho inmueble, que funcionaba como un centro de reclutamiento y exterminio del crimen organizado.<\/p>\n\n\n\n<p>Dicha jornada, denominada de Vigilia y Luto Nacional, fue organizada por los colectivos Huellas de la memoria y la Red regional de Familias migrantes.<\/p>\n\n\n\n<p>De forma simb\u00f3lica fueron colocados pares de zapatos y veladoras, mientras que en el plancha de del Z\u00f3calo fueron pintados c\u00edrculos con la palabra \u2018Fosas\u2019, y en las vallas que rodean a Palacio Nacional fueron colocadas mantas con rostros y datos de desaparecidos.<\/p>\n\n\n\n<p>En Guadalajara, colectivos de b\u00fasqueda de personas realizaron una protesta frente al Palacio de Gobierno de Jalisco.<\/p>\n\n\n\n<p>Veladoras y zapatos fueron colocados en el piso para recordar a las v\u00edctimas del campo de exterminio de Teuchitl\u00e1n.<\/p>\n\n\n\n<p>Los manifestantes tambi\u00e9n gritaron consignas en contra de las autoridades de Jalisco.<\/p>\n\n\n\n<p>En Tampico, Tamaulipas, activistas tambi\u00e9n realizaron una jornada de vigilia por lo ocurrido en Jalisco.<\/p>\n\n\n\n<p>El colectivo Guerreros Buscadores de Jalisco localiz\u00f3 al menos tres crematorios clandestinos en el rancho Izaguirre, ubicado en el municipio de Teuchitl\u00e1n.<\/p>\n\n\n\n<p>Los ciudadanos encontraron ropa, en su mayor\u00eda de mujeres, as\u00ed como 400 pares de zapatos en la zona, que fue calificada de \u201ccampo de concentraci\u00f3n y reclutamiento\u201d del crimen organizado.<\/p>\n\n\n\n<p>La presidenta de M\u00e9xico, Claudia Sheinbaum, prometi\u00f3 que la Fiscal\u00eda General de la Rep\u00fablica (FGR) dar\u00e1 \u201ctoda la informaci\u00f3n\u201d la pr\u00f3xima semana sobre estos crematorios clandestinos en Jalisco.<\/p>\n\n\n\n<p>(Con informaci\u00f3n de L\u00f3pez-D\u00f3riga Digital)<\/p>\n","protected":false},"excerpt":{"rendered":"<p>Redacci\u00f3n\/Zona Roja Cdmx. Ciudad de M\u00e9xico, a 16 de marzo de 2025.- Este s\u00e1bado se&hellip;<\/p>\n","protected":false},"author":2,"featured_media":78467,"comment_status":"closed","ping_status":"open","sticky":false,"template":"","format":"standard","meta":{"_lmt_disableupdate":"","_lmt_disable":"","_jetpack_memberships_contains_paid_content":false,"footnotes":""},"categories":[109,47],"tags":[4253,4255],"class_list":["post-78466","post","type-post","status-publish","format-standard","has-post-thumbnail","hentry","category-minuto-a-minuto","category-zona-gris","tag-rancho-izaguirre","tag-teuchitlan-jalisco"],"jetpack_featured_media_url":"https:\/\/zonaroja.com.mx\/wp-content\/uploads\/2025\/03\/Zocalo-Cdmx-Teuchitlan-Jalisco.jpg","jetpack_sharing_enabled":true,"_links":{"self":[{"href":"https:\/\/zonaroja.com.mx\/index.php?rest_route=\/wp\/v2\/posts\/78466","targetHints":{"allow":["GET"]}}],"collection":[{"href":"https:\/\/zonaroja.com.mx\/index.php?rest_route=\/wp\/v2\/posts"}],"about":[{"href":"https:\/\/zonaroja.com.mx\/index.php?rest_route=\/wp\/v2\/types\/post"}],"author":[{"embeddable":true,"href":"https:\/\/zonaroja.com.mx\/index.php?rest_route=\/wp\/v2\/users\/2"}],"replies":[{"embeddable":true,"href":"https:\/\/zonaroja.com.mx\/index.php?rest_route=%2Fwp%2Fv2%2Fcomments&post=78466"}],"version-history":[{"count":1,"href":"https:\/\/zonaroja.com.mx\/index.php?rest_route=\/wp\/v2\/posts\/78466\/revisions"}],"predecessor-version":[{"id":78468,"href":"https:\/\/zonaroja.com.mx\/index.php?rest_route=\/wp\/v2\/posts\/78466\/revisions\/78468"}],"wp:featuredmedia":[{"embeddable":true,"href":"https:\/\/zonaroja.com.mx\/index.php?rest_route=\/wp\/v2\/media\/78467"}],"wp:attachment":[{"href":"https:\/\/zonaroja.com.mx\/index.php?rest_route=%2Fwp%2Fv2%2Fmedia&parent=78466"}],"wp:term":[{"taxonomy":"category","embeddable":true,"href":"https:\/\/zonaroja.com.mx\/index.php?rest_route=%2Fwp%2Fv2%2Fcategories&post=78466"},{"taxonomy":"post_tag","embeddable":true,"href":"https:\/\/zonaroja.com.mx\/index.php?rest_route=%2Fwp%2Fv2%2Ftags&post=78466"}],"curies":[{"name":"wp","href":"https:\/\/api.w.org\/{rel}","templated":true}]}}