{"id":78472,"date":"2025-03-16T11:30:00","date_gmt":"2025-03-16T17:30:00","guid":{"rendered":"https:\/\/zonaroja.com.mx\/?p=78472"},"modified":"2025-03-16T07:18:58","modified_gmt":"2025-03-16T13:18:58","slug":"indagan-asesinato-de-una-mujer-en-la-villa-de-mitla-hay-un-detenido","status":"publish","type":"post","link":"https:\/\/zonaroja.com.mx\/?p=78472","title":{"rendered":"Indagan asesinato de una mujer en la Villa de Mitla; hay un detenido"},"content":{"rendered":"\n<p>Redacci\u00f3n\/Zona Roja.<\/p>\n\n\n\n<p>Oaxaca de Ju\u00e1rez, Oax., a 16 de marzo de 2025.- Una mujer fue asesinada con un arma punzocortante en la Villa de Mitla, municipio de la regi\u00f3n Valles Centrales de Oaxaca.<\/p>\n\n\n\n<p>Tras los hechos, la Fiscal\u00eda General del Estado de&nbsp; Oaxaca (FGEO)&nbsp;dio a conocer que ejecut\u00f3 una orden de aprehensi\u00f3n en contra de una persona del sexo masculino identificada como A.E.A.H., por el delito de feminicidio agravado.<\/p>\n\n\n\n<p>De acuerdo con el expediente, los hechos ocurrieron el 1 de marzo de 2025 en el municipio de San Pablo Villa de Mitla, lugar en el que la v\u00edctima fue atacada de manera f\u00edsica con un objeto punzante, lo cual le produjo lesiones que ocasionaron que perdiera la vida.<\/p>\n\n\n\n<p>La Fiscal\u00eda detall\u00f3 en un comunicado que intervino de forma inmediata a trav\u00e9s de la Vicefiscal\u00eda Regional de Valles Centrales, la cual realiz\u00f3 las primeras indagatorias que permitieron obtener la orden de aprehensi\u00f3n en contra de A.E.A.H., quien fue detenido y qued\u00f3 a disposici\u00f3n de la autoridad judicial que lo requiri\u00f3 para determinar su situaci\u00f3n jur\u00eddica.<\/p>\n\n\n\n<p>BILLETES FALSOS<\/p>\n\n\n\n<p>Por otra parte, la instituci\u00f3n de procuraci\u00f3n de justicia detall\u00f3 que, derivado de labores de investigaci\u00f3n a ra\u00edz de denuncias ciudadanas, logr\u00f3 la detenci\u00f3n en flagrancia de tres personas del sexo masculino, dos de ellas originarias de la Ciudad de M\u00e9xico, como probables responsables del delito federal de posesi\u00f3n de billetes falsos, hechos ocurridos en la regi\u00f3n de la Costa.<\/p>\n\n\n\n<p>El pasado 14 de marzo de 2025, personal de la Vicefiscal\u00eda Regional de la Costa recibi\u00f3 reportes y denuncias ciudadanas respecto a la presencia de personas que estaban en la playa de Puerto Angelito, perteneciente a Puerto Escondido, San Pedro Mixtepec, quienes fueron se\u00f1alado por realizar pagos en efectivo con billetes falsos.<\/p>\n\n\n\n<p>En consecuencia, la Fiscal\u00eda de Oaxaca -a trav\u00e9s de la Vicefiscal\u00eda Regional de la Costa y con elementos de la Agencia Estatal de Investigaciones-, localiz\u00f3 a estas personas y logr\u00f3 detener a tres hombres identificados como I.E.A.S., A.E.P.S. y V.E.B.L. -los dos \u00faltimos, originarios de la Ciudad de M\u00e9xico- quienes al realizarles una revisi\u00f3n, portaban aproximadamente 55 mil 400 en billetes de diferentes denominaciones, los cuales eran falsos y presumiblemente pretend\u00edan ponerlos en circulaci\u00f3n.<\/p>\n\n\n\n<p>Despu\u00e9s de la detenci\u00f3n, las tres personas detenidas fueron puestas a disposici\u00f3n de la Fiscal\u00eda General de la Rep\u00fablica (FGR) para que se determine su situaci\u00f3n jur\u00eddica en las pr\u00f3ximas horas.<\/p>\n\n\n\n<p>VINCULADO A PROCESO<\/p>\n\n\n\n<p>En otro caso, la Fiscal\u00eda General del Estado obtuvo auto de vinculaci\u00f3n a proceso en contra de dos personas del sexo masculino identificadas como V.A.A.O. y A.M.C., por el delito contra la salud cometido en la regi\u00f3n de la Costa.<\/p>\n\n\n\n<p>De acuerdo a la causa penal, el 4 de marzo de 2025, V.A.A.O. y A.M.C., fueron detenidos en flagrancia por elementos de la Agencia Estatal de Investigaciones (AEI) adscritos a la Vicefiscal\u00eda Regional de la Costa, que realizaban un operativo en la colonia 20 de Noviembre, perteneciente al municipio de Pinotepa Nacional.<\/p>\n\n\n\n<p>Al llevar a cabo la revisi\u00f3n legal, los elementos policiales hallaron dentro de sus pertenencias diversas cantidades de drogas conocidas como cristal y marihuana, por lo que quedaron a disposici\u00f3n de la autoridad correspondiente.<\/p>\n\n\n\n<p>La investigaci\u00f3n revela que, V.A.A.O. y A.M.C. estar\u00edan relacionados con la distribuci\u00f3n de droga en diferentes escuelas ubicadas en la regi\u00f3n de la Costa.<\/p>\n\n\n\n<p>En audiencia, y luego de evaluar las pruebas aportadas por la FGEO, el Juez de Control dict\u00f3 auto de vinculaci\u00f3n a proceso e impuso prisi\u00f3n preventiva justificada de manera definitiva en contra de V.A.A.O. y A.M.C., por el delito contra la salud, adem\u00e1s que otorg\u00f3 un mes para el cierre de la investigaci\u00f3n complementaria.<\/p>\n","protected":false},"excerpt":{"rendered":"<p>Redacci\u00f3n\/Zona Roja. Oaxaca de Ju\u00e1rez, Oax., a 16 de marzo de 2025.- Una mujer fue&hellip;<\/p>\n","protected":false},"author":2,"featured_media":69879,"comment_status":"closed","ping_status":"open","sticky":false,"template":"","format":"standard","meta":{"_lmt_disableupdate":"","_lmt_disable":"","_jetpack_memberships_contains_paid_content":false,"footnotes":""},"categories":[109,46],"tags":[494],"class_list":["post-78472","post","type-post","status-publish","format-standard","has-post-thumbnail","hentry","category-minuto-a-minuto","category-zona-blanca","tag-fiscalia-general-del-estado-de-oaxaca"],"jetpack_featured_media_url":"https:\/\/zonaroja.com.mx\/wp-content\/uploads\/2024\/06\/feminicidio.jpg","jetpack_sharing_enabled":true,"_links":{"self":[{"href":"https:\/\/zonaroja.com.mx\/index.php?rest_route=\/wp\/v2\/posts\/78472","targetHints":{"allow":["GET"]}}],"collection":[{"href":"https:\/\/zonaroja.com.mx\/index.php?rest_route=\/wp\/v2\/posts"}],"about":[{"href":"https:\/\/zonaroja.com.mx\/index.php?rest_route=\/wp\/v2\/types\/post"}],"author":[{"embeddable":true,"href":"https:\/\/zonaroja.com.mx\/index.php?rest_route=\/wp\/v2\/users\/2"}],"replies":[{"embeddable":true,"href":"https:\/\/zonaroja.com.mx\/index.php?rest_route=%2Fwp%2Fv2%2Fcomments&post=78472"}],"version-history":[{"count":1,"href":"https:\/\/zonaroja.com.mx\/index.php?rest_route=\/wp\/v2\/posts\/78472\/revisions"}],"predecessor-version":[{"id":78473,"href":"https:\/\/zonaroja.com.mx\/index.php?rest_route=\/wp\/v2\/posts\/78472\/revisions\/78473"}],"wp:featuredmedia":[{"embeddable":true,"href":"https:\/\/zonaroja.com.mx\/index.php?rest_route=\/wp\/v2\/media\/69879"}],"wp:attachment":[{"href":"https:\/\/zonaroja.com.mx\/index.php?rest_route=%2Fwp%2Fv2%2Fmedia&parent=78472"}],"wp:term":[{"taxonomy":"category","embeddable":true,"href":"https:\/\/zonaroja.com.mx\/index.php?rest_route=%2Fwp%2Fv2%2Fcategories&post=78472"},{"taxonomy":"post_tag","embeddable":true,"href":"https:\/\/zonaroja.com.mx\/index.php?rest_route=%2Fwp%2Fv2%2Ftags&post=78472"}],"curies":[{"name":"wp","href":"https:\/\/api.w.org\/{rel}","templated":true}]}}