{"id":78486,"date":"2025-03-17T09:30:00","date_gmt":"2025-03-17T15:30:00","guid":{"rendered":"https:\/\/zonaroja.com.mx\/?p=78486"},"modified":"2025-03-17T09:33:16","modified_gmt":"2025-03-17T15:33:16","slug":"paralizaran-labores-judiciales-en-oaxaca-a-partir-de-manana","status":"publish","type":"post","link":"https:\/\/zonaroja.com.mx\/?p=78486","title":{"rendered":"Paralizar\u00e1n labores judiciales en Oaxaca, a partir de ma\u00f1ana"},"content":{"rendered":"\n<p>Ismael Garc\u00eda M.\/Zona Roja.<\/p>\n\n\n\n<p>Oaxaca de Ju\u00e1rez, Oax., a 17 de marzo de 2025.- A partir de este martes, integrantes del Sindicato de Empleados del Poder Judicial del Gobierno del Estado de Oaxaca e Instituciones Conexas (SEPJEOIC) parar\u00e1n labores en juzgados y oficinas administrativas.<\/p>\n\n\n\n<p>Lo anterior, \u201cpara exigir la soluci\u00f3n a diversos planteamientos hechos por las violaciones de los derechos laborales que atentan contra la dignidad de las y los compa\u00f1eros de la base trabajadora\u201d.<\/p>\n\n\n\n<p>En un comunicado, el gremio dio a conocer que la determinaci\u00f3n la tom\u00f3 la base trabajadora el pasado 14 de marzo y son parte de las acciones pol\u00edtico-sindicales que emprender\u00e1n durante la semana.<\/p>\n\n\n\n<p>La convocatoria signada por el comit\u00e9 ejecutivo, que encabeza Miguel Esteva Dom\u00ednguez como secretario General, convoca a \u201ctomar\u201d el complejo gubernamental ubicado en Ciudad Judicial, ubicado en Reyes Mantec\u00f3n, municipio de San Bartolo Coyotepec.<\/p>\n\n\n\n<p>De la misma manera, juzgados civiles, familiares del centro, as\u00ed como el laboratorio de gen\u00e9tica, el Centro de Desarrollo Infantil, entre otros.<\/p>\n\n\n\n<p>Igualmente los juzgados y oficinas ubicadas en el interior del estado, con la finalidad de presionar a la titular del Poder Judicial, Berenice Ram\u00edrez Jim\u00e9nez, a que escuche y atienda sus demandas.<\/p>\n\n\n\n<p>Apenas en diciembre pasado y por varios d\u00edas, empleados de confianza tambi\u00e9n pararon labores y efectuaron diversas protestas, as\u00ed como bloqueo de calles, para demandar el pago de sus prestaciones de fin de a\u00f1o.<\/p>\n","protected":false},"excerpt":{"rendered":"<p>Ismael Garc\u00eda M.\/Zona Roja. Oaxaca de Ju\u00e1rez, Oax., a 17 de marzo de 2025.- A&hellip;<\/p>\n","protected":false},"author":2,"featured_media":76185,"comment_status":"closed","ping_status":"open","sticky":false,"template":"","format":"standard","meta":{"_lmt_disableupdate":"","_lmt_disable":"","_jetpack_memberships_contains_paid_content":false,"footnotes":""},"categories":[109,47],"tags":[223],"class_list":["post-78486","post","type-post","status-publish","format-standard","has-post-thumbnail","hentry","category-minuto-a-minuto","category-zona-gris","tag-poder-judicial-de-oaxaca"],"jetpack_featured_media_url":"https:\/\/zonaroja.com.mx\/wp-content\/uploads\/2025\/01\/Poder-Judicial-de-Oaxaca-Tribunal-Superior.jpg","jetpack_sharing_enabled":true,"_links":{"self":[{"href":"https:\/\/zonaroja.com.mx\/index.php?rest_route=\/wp\/v2\/posts\/78486","targetHints":{"allow":["GET"]}}],"collection":[{"href":"https:\/\/zonaroja.com.mx\/index.php?rest_route=\/wp\/v2\/posts"}],"about":[{"href":"https:\/\/zonaroja.com.mx\/index.php?rest_route=\/wp\/v2\/types\/post"}],"author":[{"embeddable":true,"href":"https:\/\/zonaroja.com.mx\/index.php?rest_route=\/wp\/v2\/users\/2"}],"replies":[{"embeddable":true,"href":"https:\/\/zonaroja.com.mx\/index.php?rest_route=%2Fwp%2Fv2%2Fcomments&post=78486"}],"version-history":[{"count":1,"href":"https:\/\/zonaroja.com.mx\/index.php?rest_route=\/wp\/v2\/posts\/78486\/revisions"}],"predecessor-version":[{"id":78487,"href":"https:\/\/zonaroja.com.mx\/index.php?rest_route=\/wp\/v2\/posts\/78486\/revisions\/78487"}],"wp:featuredmedia":[{"embeddable":true,"href":"https:\/\/zonaroja.com.mx\/index.php?rest_route=\/wp\/v2\/media\/76185"}],"wp:attachment":[{"href":"https:\/\/zonaroja.com.mx\/index.php?rest_route=%2Fwp%2Fv2%2Fmedia&parent=78486"}],"wp:term":[{"taxonomy":"category","embeddable":true,"href":"https:\/\/zonaroja.com.mx\/index.php?rest_route=%2Fwp%2Fv2%2Fcategories&post=78486"},{"taxonomy":"post_tag","embeddable":true,"href":"https:\/\/zonaroja.com.mx\/index.php?rest_route=%2Fwp%2Fv2%2Ftags&post=78486"}],"curies":[{"name":"wp","href":"https:\/\/api.w.org\/{rel}","templated":true}]}}